{"id":18320,"date":"2020-01-03T01:57:41","date_gmt":"2020-01-03T00:57:41","guid":{"rendered":"http:\/\/www.associationdemarie.org\/blog\/?p=18320"},"modified":"2019-12-12T17:01:09","modified_gmt":"2019-12-12T16:01:09","slug":"sur-ceux-qui-habitaient-dans-le-pays-de-lombre-et-de-la-mort-une-lumiere-sest-levee-4","status":"publish","type":"post","link":"https:\/\/www.associationdemarie.org\/blog\/sur-ceux-qui-habitaient-dans-le-pays-de-lombre-et-de-la-mort-une-lumiere-sest-levee-4\/","title":{"rendered":"\u00ab Sur ceux qui habitaient dans le pays de l&rsquo;ombre et de la mort, une lumi\u00e8re s&rsquo;est lev\u00e9e. \u00bb"},"content":{"rendered":"<p><a href=\"https:\/\/www.associationdemarie.org\/blog\/wp-content\/uploads\/2019\/12\/UVstraling-1200x0-c-default.jpg\"><img loading=\"lazy\" decoding=\"async\" class=\"aligncenter  wp-image-18323\" src=\"https:\/\/www.associationdemarie.org\/blog\/wp-content\/uploads\/2019\/12\/UVstraling-1200x0-c-default.jpg\" alt=\"\" width=\"454\" height=\"302\" srcset=\"https:\/\/www.associationdemarie.org\/blog\/wp-content\/uploads\/2019\/12\/UVstraling-1200x0-c-default.jpg 1200w, https:\/\/www.associationdemarie.org\/blog\/wp-content\/uploads\/2019\/12\/UVstraling-1200x0-c-default-300x200.jpg 300w, https:\/\/www.associationdemarie.org\/blog\/wp-content\/uploads\/2019\/12\/UVstraling-1200x0-c-default-768x512.jpg 768w, https:\/\/www.associationdemarie.org\/blog\/wp-content\/uploads\/2019\/12\/UVstraling-1200x0-c-default-1024x683.jpg 1024w\" sizes=\"auto, (max-width: 454px) 100vw, 454px\" \/><\/a><\/p>\n<p>Sur Adam aveugl\u00e9 dans l&rsquo;\u00c9den un soleil est apparu, surgissant de Bethl\u00e9em, et lui a ouvert les yeux en les lavant dans les eaux du Jourdain. Sur celui que couvraient l&rsquo;ombre et les t\u00e9n\u00e8bres, s&rsquo;est lev\u00e9e la lumi\u00e8re qui ne s&rsquo;\u00e9teindra jamais. Plus de nuit pour lui, tout est jour\u00a0; le moment de l&rsquo;aube est n\u00e9 pour lui, car c&rsquo;est au cr\u00e9puscule qu&rsquo;il s&rsquo;\u00e9tait cach\u00e9, comme dit l&rsquo;\u00c9criture (Gn 3,8). Celui qui \u00e9tait tomb\u00e9 le soir a trouv\u00e9 l&rsquo;aurore qui l&rsquo;illumine, il a \u00e9chapp\u00e9 \u00e0 l&rsquo;obscurit\u00e9, il s&rsquo;est avanc\u00e9 vers le matin qui s&rsquo;est manifest\u00e9 et a tout illumin\u00e9. (&#8230;)<\/p>\n<p>Chante, chante, Adam, adore celui qui vient \u00e0 toi\u00a0; alors que tu t&rsquo;\u00e9loignais, il s&rsquo;est manifest\u00e9 \u00e0 toi pour que tu puisses le voir, le toucher et l&rsquo;accueillir. Celui que tu avais craint quand tu as \u00e9t\u00e9 tromp\u00e9, pour toi s&rsquo;est fait semblable \u00e0 toi. Il est descendu sur la terre pour te prendre aux cieux, il est devenu mortel pour que toi tu deviennes Dieu et que tu rev\u00eates ta beaut\u00e9 premi\u00e8re. Voulant te rouvrir les portes de l&rsquo;\u00c9den, il a habit\u00e9 Nazareth. Pour tout cela, chante-le, homme, et glorifie par un psaume celui qui s&rsquo;est manifest\u00e9 et a tout illumin\u00e9. (&#8230;)<\/p>\n<p>Les yeux des enfants de la terre ont re\u00e7u la force de contempler le visage c\u00e9leste\u00a0; les regards des \u00eatres de glaise (Gn 2,7) ont per\u00e7u le rayonnement sans ombre de la lumi\u00e8re immat\u00e9rielle, que les proph\u00e8tes et les rois n&rsquo;ont pas vu, mais qu&rsquo;ils avaient d\u00e9sir\u00e9 voir (Mt 13,17). Le grand Daniel a \u00e9t\u00e9 appel\u00e9 un homme de d\u00e9sirs, parce qu&rsquo;il d\u00e9sirait contempler celui que nous contemplons. David aussi a esp\u00e9r\u00e9 ce d\u00e9cret\u00a0; ce qui \u00e9tait cach\u00e9, maintenant on peut le comprendre\u00a0: c&rsquo;est celui qui s&rsquo;est manifest\u00e9 et a tout illumin\u00e9.<\/p>\n<h3 class=\"GospelCommentaryAuthor-name commentary-author font-2\">Saint Romanos le M\u00e9lode (?-v. 560)<\/h3>\n<p>&nbsp;<\/p>\n<p>&nbsp;<\/p>\n<p>&nbsp;<\/p>\n","protected":false},"excerpt":{"rendered":"<p>Sur Adam aveugl\u00e9 dans l&rsquo;\u00c9den un soleil est apparu, surgissant de Bethl\u00e9em, et lui a ouvert les yeux en les lavant dans les eaux du Jourdain. Sur celui que couvraient l&rsquo;ombre et les t\u00e9n\u00e8bres, s&rsquo;est lev\u00e9e la lumi\u00e8re qui ne s&rsquo;\u00e9teindra jamais. Plus de nuit pour lui, tout est jour\u00a0; le moment de l&rsquo;aube est [&hellip;]<\/p>\n","protected":false},"author":2,"featured_media":0,"comment_status":"closed","ping_status":"closed","sticky":false,"template":"","format":"standard","meta":{"footnotes":""},"categories":[13,1261],"tags":[40,600,1042,1077],"class_list":["post-18320","post","type-post","status-publish","format-standard","hentry","category-ecritures","category-enseignement-2","tag-adam","tag-lumiere","tag-st-jean-baptiste","tag-st-romanos-le-melode"],"_links":{"self":[{"href":"https:\/\/www.associationdemarie.org\/blog\/wp-json\/wp\/v2\/posts\/18320","targetHints":{"allow":["GET"]}}],"collection":[{"href":"https:\/\/www.associationdemarie.org\/blog\/wp-json\/wp\/v2\/posts"}],"about":[{"href":"https:\/\/www.associationdemarie.org\/blog\/wp-json\/wp\/v2\/types\/post"}],"author":[{"embeddable":true,"href":"https:\/\/www.associationdemarie.org\/blog\/wp-json\/wp\/v2\/users\/2"}],"replies":[{"embeddable":true,"href":"https:\/\/www.associationdemarie.org\/blog\/wp-json\/wp\/v2\/comments?post=18320"}],"version-history":[{"count":1,"href":"https:\/\/www.associationdemarie.org\/blog\/wp-json\/wp\/v2\/posts\/18320\/revisions"}],"predecessor-version":[{"id":18324,"href":"https:\/\/www.associationdemarie.org\/blog\/wp-json\/wp\/v2\/posts\/18320\/revisions\/18324"}],"wp:attachment":[{"href":"https:\/\/www.associationdemarie.org\/blog\/wp-json\/wp\/v2\/media?parent=18320"}],"wp:term":[{"taxonomy":"category","embeddable":true,"href":"https:\/\/www.associationdemarie.org\/blog\/wp-json\/wp\/v2\/categories?post=18320"},{"taxonomy":"post_tag","embeddable":true,"href":"https:\/\/www.associationdemarie.org\/blog\/wp-json\/wp\/v2\/tags?post=18320"}],"curies":[{"name":"wp","href":"https:\/\/api.w.org\/{rel}","templated":true}]}}