{"id":18291,"date":"2019-12-25T01:21:31","date_gmt":"2019-12-25T00:21:31","guid":{"rendered":"http:\/\/www.associationdemarie.org\/blog\/?p=18291"},"modified":"2019-12-04T09:25:09","modified_gmt":"2019-12-04T08:25:09","slug":"solennite-de-la-nativite-du-seigneur-3","status":"publish","type":"post","link":"https:\/\/www.associationdemarie.org\/blog\/solennite-de-la-nativite-du-seigneur-3\/","title":{"rendered":"Solennit\u00e9 de la Nativit\u00e9 du Seigneur"},"content":{"rendered":"<p><a href=\"https:\/\/www.associationdemarie.org\/blog\/wp-content\/uploads\/2019\/12\/fa_nativite_forli_hd.jpg\"><img loading=\"lazy\" decoding=\"async\" class=\"aligncenter  wp-image-18292\" src=\"https:\/\/www.associationdemarie.org\/blog\/wp-content\/uploads\/2019\/12\/fa_nativite_forli_hd.jpg\" alt=\"\" width=\"436\" height=\"328\" srcset=\"https:\/\/www.associationdemarie.org\/blog\/wp-content\/uploads\/2019\/12\/fa_nativite_forli_hd.jpg 556w, https:\/\/www.associationdemarie.org\/blog\/wp-content\/uploads\/2019\/12\/fa_nativite_forli_hd-300x226.jpg 300w\" sizes=\"auto, (max-width: 436px) 100vw, 436px\" \/><\/a><\/p>\n<p>Le Christ est venu du P\u00e8re, il est venu du Verbe, il est venu de l\u2019Esprit Saint, puisque toute la Trinit\u00e9 a op\u00e9r\u00e9 sa conception et son incarnation. Car venir du sommet de la Trinit\u00e9, ce ne fut rien d\u2019autre qu\u2019\u00eatre con\u00e7u et incarn\u00e9 sous l\u2019action de cette m\u00eame Trinit\u00e9. C\u2019est pourquoi il est dit\u00a0: \u00ab\u00a0Du sommet du ciel il prend son d\u00e9part.\u00a0\u00bb (cf. Ps 18,7)<\/p>\n<p>Le Fils unique, (&#8230;) engendr\u00e9 du P\u00e8re dans l\u2019\u00e9ternit\u00e9, est sorti de sa m\u00e8re engendr\u00e9 dans le temps\u00a0; demeurant invisible aupr\u00e8s du P\u00e8re, il a v\u00e9cu visible parmi les hommes. Pour lui, sortir du P\u00e8re, ce fut entrer dans notre histoire, appara\u00eetre visiblement, et devenir ce qu\u2019il n\u2019\u00e9tait pas naturellement du fait de sa relation avec le P\u00e8re. Mais chose admirable\u00a0! il est venu de celui dont il ne s\u2019\u00e9loignait pas, sortant de celui en qui il demeurait, de sorte qu\u2019il demeurait \u00e9galement aussi entier dans l\u2019\u00e9ternit\u00e9 qu\u2019entier dans le temps. On le trouvait entier dans le P\u00e8re en m\u00eame temps qu\u2019entier dans la Vierge, entier dans sa majest\u00e9 et dans celle de son P\u00e8re en m\u00eame temps qu\u2019entier dans notre humanit\u00e9.<\/p>\n<p>Si tu recherches comment, une comparaison te fera comprendre la v\u00e9rit\u00e9. La parole d\u2019abord engendr\u00e9e par le c\u0153ur passe toute enti\u00e8re dans la voix, de telle sorte qu\u2019elle arrive parfaitement aux autres et qu\u2019elle demeure n\u00e9anmoins enti\u00e8re dans le c\u0153ur. De m\u00eame, le Verbe de bont\u00e9, jailli du c\u0153ur du P\u00e8re, est sorti au-dehors sans quitter le P\u00e8re.<\/p>\n<h3 class=\"GospelCommentaryAuthor-name commentary-author font-2\">Saint Am\u00e9d\u00e9e de Lausanne (1108-1159)<\/h3>\n<p>&nbsp;<\/p>\n<p>&nbsp;<\/p>\n<p><a href=\"https:\/\/www.associationdemarie.org\/blog\/wp-content\/uploads\/2019\/12\/40213290noel2021-gif.gif\"><img loading=\"lazy\" decoding=\"async\" class=\"aligncenter  wp-image-18293\" src=\"https:\/\/www.associationdemarie.org\/blog\/wp-content\/uploads\/2019\/12\/40213290noel2021-gif.gif\" alt=\"\" width=\"442\" height=\"252\" \/><\/a><\/p>\n<p>&nbsp;<\/p>\n<p>&nbsp;<\/p>\n<p>&nbsp;<\/p>\n","protected":false},"excerpt":{"rendered":"<p>Le Christ est venu du P\u00e8re, il est venu du Verbe, il est venu de l\u2019Esprit Saint, puisque toute la Trinit\u00e9 a op\u00e9r\u00e9 sa conception et son incarnation. Car venir du sommet de la Trinit\u00e9, ce ne fut rien d\u2019autre qu\u2019\u00eatre con\u00e7u et incarn\u00e9 sous l\u2019action de cette m\u00eame Trinit\u00e9. C\u2019est pourquoi il est dit\u00a0: [&hellip;]<\/p>\n","protected":false},"author":2,"featured_media":0,"comment_status":"closed","ping_status":"closed","sticky":false,"template":"","format":"standard","meta":{"footnotes":""},"categories":[3,13,1261],"tags":[707,715,1539],"class_list":["post-18291","post","type-post","status-publish","format-standard","hentry","category-liturgique","category-ecritures","category-enseignement-2","tag-nativite","tag-noel","tag-st-amedee-de-lausanne"],"_links":{"self":[{"href":"https:\/\/www.associationdemarie.org\/blog\/wp-json\/wp\/v2\/posts\/18291","targetHints":{"allow":["GET"]}}],"collection":[{"href":"https:\/\/www.associationdemarie.org\/blog\/wp-json\/wp\/v2\/posts"}],"about":[{"href":"https:\/\/www.associationdemarie.org\/blog\/wp-json\/wp\/v2\/types\/post"}],"author":[{"embeddable":true,"href":"https:\/\/www.associationdemarie.org\/blog\/wp-json\/wp\/v2\/users\/2"}],"replies":[{"embeddable":true,"href":"https:\/\/www.associationdemarie.org\/blog\/wp-json\/wp\/v2\/comments?post=18291"}],"version-history":[{"count":2,"href":"https:\/\/www.associationdemarie.org\/blog\/wp-json\/wp\/v2\/posts\/18291\/revisions"}],"predecessor-version":[{"id":18295,"href":"https:\/\/www.associationdemarie.org\/blog\/wp-json\/wp\/v2\/posts\/18291\/revisions\/18295"}],"wp:attachment":[{"href":"https:\/\/www.associationdemarie.org\/blog\/wp-json\/wp\/v2\/media?parent=18291"}],"wp:term":[{"taxonomy":"category","embeddable":true,"href":"https:\/\/www.associationdemarie.org\/blog\/wp-json\/wp\/v2\/categories?post=18291"},{"taxonomy":"post_tag","embeddable":true,"href":"https:\/\/www.associationdemarie.org\/blog\/wp-json\/wp\/v2\/tags?post=18291"}],"curies":[{"name":"wp","href":"https:\/\/api.w.org\/{rel}","templated":true}]}}