{"id":18261,"date":"2019-11-29T08:20:15","date_gmt":"2019-11-29T07:20:15","guid":{"rendered":"http:\/\/www.associationdemarie.org\/blog\/?p=18261"},"modified":"2019-11-29T08:20:15","modified_gmt":"2019-11-29T07:20:15","slug":"union-de-priere-5","status":"publish","type":"post","link":"https:\/\/www.associationdemarie.org\/blog\/union-de-priere-5\/","title":{"rendered":"Union de pri\u00e8re"},"content":{"rendered":"<figure id=\"attachment_18262\" aria-describedby=\"caption-attachment-18262\" style=\"width: 489px\" class=\"wp-caption aligncenter\"><img loading=\"lazy\" decoding=\"async\" class=\" wp-image-18262\" src=\"https:\/\/www.associationdemarie.org\/blog\/wp-content\/uploads\/2019\/11\/MMDHnov95.png\" alt=\"\" width=\"489\" height=\"406\" srcset=\"https:\/\/www.associationdemarie.org\/blog\/wp-content\/uploads\/2019\/11\/MMDHnov95.png 1397w, https:\/\/www.associationdemarie.org\/blog\/wp-content\/uploads\/2019\/11\/MMDHnov95-300x249.png 300w, https:\/\/www.associationdemarie.org\/blog\/wp-content\/uploads\/2019\/11\/MMDHnov95-768x637.png 768w, https:\/\/www.associationdemarie.org\/blog\/wp-content\/uploads\/2019\/11\/MMDHnov95-1024x850.png 1024w\" sizes=\"auto, (max-width: 489px) 100vw, 489px\" \/><figcaption id=\"caption-attachment-18262\" class=\"wp-caption-text\">En union de pri\u00e8re, tous les soirs \u00e0 18h35 pour les Stes \u00e2mes du Purgatoire, tous les jours pour les neuvaines d&rsquo;Ardouane, et tous les vendredis soir, de 21h30 \u00e0 22h00, \u00e0 la demande de Marie M\u00e8re des hommes, aux intentions de ce monde.<\/figcaption><\/figure>\n<p>&nbsp;<\/p>\n<p>&nbsp;<\/p>\n<p>&nbsp;<\/p>\n<p>&nbsp;<\/p>\n","protected":false},"excerpt":{"rendered":"<p>&nbsp; &nbsp; &nbsp; &nbsp;<\/p>\n","protected":false},"author":2,"featured_media":0,"comment_status":"closed","ping_status":"closed","sticky":false,"template":"","format":"standard","meta":{"footnotes":""},"categories":[14,19,26],"tags":[354,640,1167],"class_list":["post-18261","post","type-post","status-publish","format-standard","hentry","category-groupe-prieres","category-messages","category-priere-des-ames","tag-enfants","tag-marie-mere-des-hommes","tag-union-de-prieres"],"_links":{"self":[{"href":"https:\/\/www.associationdemarie.org\/blog\/wp-json\/wp\/v2\/posts\/18261","targetHints":{"allow":["GET"]}}],"collection":[{"href":"https:\/\/www.associationdemarie.org\/blog\/wp-json\/wp\/v2\/posts"}],"about":[{"href":"https:\/\/www.associationdemarie.org\/blog\/wp-json\/wp\/v2\/types\/post"}],"author":[{"embeddable":true,"href":"https:\/\/www.associationdemarie.org\/blog\/wp-json\/wp\/v2\/users\/2"}],"replies":[{"embeddable":true,"href":"https:\/\/www.associationdemarie.org\/blog\/wp-json\/wp\/v2\/comments?post=18261"}],"version-history":[{"count":3,"href":"https:\/\/www.associationdemarie.org\/blog\/wp-json\/wp\/v2\/posts\/18261\/revisions"}],"predecessor-version":[{"id":18265,"href":"https:\/\/www.associationdemarie.org\/blog\/wp-json\/wp\/v2\/posts\/18261\/revisions\/18265"}],"wp:attachment":[{"href":"https:\/\/www.associationdemarie.org\/blog\/wp-json\/wp\/v2\/media?parent=18261"}],"wp:term":[{"taxonomy":"category","embeddable":true,"href":"https:\/\/www.associationdemarie.org\/blog\/wp-json\/wp\/v2\/categories?post=18261"},{"taxonomy":"post_tag","embeddable":true,"href":"https:\/\/www.associationdemarie.org\/blog\/wp-json\/wp\/v2\/tags?post=18261"}],"curies":[{"name":"wp","href":"https:\/\/api.w.org\/{rel}","templated":true}]}}