{"id":18204,"date":"2019-12-04T01:37:33","date_gmt":"2019-12-04T00:37:33","guid":{"rendered":"http:\/\/www.associationdemarie.org\/blog\/?p=18204"},"modified":"2019-11-16T09:40:23","modified_gmt":"2019-11-16T08:40:23","slug":"chaque-fois-que-vous-mangez-ce-pain-et-que-vous-buvez-a-cette-coupe-vous-proclamez-la-mort-du-seigneur-jusqua-ce-quil-vienne-1co-1126","status":"publish","type":"post","link":"https:\/\/www.associationdemarie.org\/blog\/chaque-fois-que-vous-mangez-ce-pain-et-que-vous-buvez-a-cette-coupe-vous-proclamez-la-mort-du-seigneur-jusqua-ce-quil-vienne-1co-1126\/","title":{"rendered":"\u00ab Chaque fois que vous mangez ce pain et que vous buvez \u00e0 cette coupe, vous proclamez la mort du Seigneur, jusqu&rsquo;\u00e0 ce qu&rsquo;il vienne. \u00bb (1Co 11,26)"},"content":{"rendered":"<p><img loading=\"lazy\" decoding=\"async\" class=\"aligncenter  wp-image-18205\" src=\"https:\/\/www.associationdemarie.org\/blog\/wp-content\/uploads\/2019\/11\/euch..jpg\" alt=\"\" width=\"431\" height=\"287\" srcset=\"https:\/\/www.associationdemarie.org\/blog\/wp-content\/uploads\/2019\/11\/euch..jpg 980w, https:\/\/www.associationdemarie.org\/blog\/wp-content\/uploads\/2019\/11\/euch.-300x200.jpg 300w, https:\/\/www.associationdemarie.org\/blog\/wp-content\/uploads\/2019\/11\/euch.-768x512.jpg 768w\" sizes=\"auto, (max-width: 431px) 100vw, 431px\" \/><\/p>\n<p>De m\u00eame que le Christ a \u00e9t\u00e9 envoy\u00e9 par le P\u00e8re, ainsi lui-m\u00eame a envoy\u00e9 ses ap\u00f4tres, remplis de l&rsquo;Esprit Saint\u00a0; non seulement pour que, pr\u00eachant l&rsquo;\u00c9vangile \u00e0 toute cr\u00e9ature, ils annoncent que le Fils de Dieu, par sa mort et sa r\u00e9surrection, nous a d\u00e9livr\u00e9s du pouvoir de Satan et de la mort et nous a transf\u00e9r\u00e9s dans le royaume de son P\u00e8re, mais aussi afin qu&rsquo;ils exercent cette \u0153uvre de salut qu&rsquo;ils annon\u00e7aient, par le sacrifice et les sacrements autour desquels gravite toute la vie liturgique. C&rsquo;est ainsi que par le bapt\u00eame les hommes sont greff\u00e9s sur le myst\u00e8re pascal du Christ\u00a0: morts avec lui, ensevelis avec lui, ressuscit\u00e9s avec lui, ils re\u00e7oivent l&rsquo;esprit d&rsquo;adoption des fils dans lequel nous crions \u00ab\u00a0Abba P\u00e8re\u00a0\u00bb, et ils deviennent ainsi ces vrais adorateurs que cherche le P\u00e8re. Semblablement, chaque fois qu&rsquo;ils mangent la C\u00e8ne du Seigneur, ils annoncent sa mort jusqu&rsquo;\u00e0 ce qu&rsquo;il vienne. (&#8230;)<\/p>\n<p>Dans la liturgie terrestre nous participons par un avant-go\u00fbt \u00e0 cette liturgie c\u00e9leste qui se c\u00e9l\u00e8bre dans la sainte cit\u00e9 de J\u00e9rusalem, \u00e0 laquelle nous tendons comme des voyageurs, o\u00f9 le Christ si\u00e8ge \u00e0 la droite de Dieu, comme ministre du sanctuaire et du vrai tabernacle. Avec toute l&rsquo;arm\u00e9e de la milice c\u00e9leste, nous chantons au Seigneur l&rsquo;hymne de gloire\u00a0; en v\u00e9n\u00e9rant la m\u00e9moire des saints, nous esp\u00e9rons partager leur soci\u00e9t\u00e9. Nous attendons comme Sauveur notre Seigneur J\u00e9sus Christ, jusqu&rsquo;\u00e0 ce que lui-m\u00eame se manifeste, lui qui est notre vie. Et alors nous serons manifest\u00e9s avec lui dans la gloire.<\/p>\n<h3 class=\"GospelCommentaryAuthor-name commentary-author font-2\">Concile Vatican II<\/h3>\n<p>(R\u00e9f\u00e9rences bibliques\u00a0: Mc 16,15\u00a0; Rm 6,4\u00a0; 8,15\u00a0; Jn 4,23\u00a0; 1Co 11,26\u00a0; Ap 21,2\u00a0; He 8,2\u00a0; Col 3,4)<\/p>\n<p>&nbsp;<\/p>\n","protected":false},"excerpt":{"rendered":"<p>De m\u00eame que le Christ a \u00e9t\u00e9 envoy\u00e9 par le P\u00e8re, ainsi lui-m\u00eame a envoy\u00e9 ses ap\u00f4tres, remplis de l&rsquo;Esprit Saint\u00a0; non seulement pour que, pr\u00eachant l&rsquo;\u00c9vangile \u00e0 toute cr\u00e9ature, ils annoncent que le Fils de Dieu, par sa mort et sa r\u00e9surrection, nous a d\u00e9livr\u00e9s du pouvoir de Satan et de la mort et [&hellip;]<\/p>\n","protected":false},"author":2,"featured_media":0,"comment_status":"closed","ping_status":"closed","sticky":false,"template":"","format":"standard","meta":{"footnotes":""},"categories":[13,1261],"tags":[336,385,1174],"class_list":["post-18204","post","type-post","status-publish","format-standard","hentry","category-ecritures","category-enseignement-2","tag-eglise","tag-eucharistie","tag-vatican-2"],"_links":{"self":[{"href":"https:\/\/www.associationdemarie.org\/blog\/wp-json\/wp\/v2\/posts\/18204","targetHints":{"allow":["GET"]}}],"collection":[{"href":"https:\/\/www.associationdemarie.org\/blog\/wp-json\/wp\/v2\/posts"}],"about":[{"href":"https:\/\/www.associationdemarie.org\/blog\/wp-json\/wp\/v2\/types\/post"}],"author":[{"embeddable":true,"href":"https:\/\/www.associationdemarie.org\/blog\/wp-json\/wp\/v2\/users\/2"}],"replies":[{"embeddable":true,"href":"https:\/\/www.associationdemarie.org\/blog\/wp-json\/wp\/v2\/comments?post=18204"}],"version-history":[{"count":1,"href":"https:\/\/www.associationdemarie.org\/blog\/wp-json\/wp\/v2\/posts\/18204\/revisions"}],"predecessor-version":[{"id":18206,"href":"https:\/\/www.associationdemarie.org\/blog\/wp-json\/wp\/v2\/posts\/18204\/revisions\/18206"}],"wp:attachment":[{"href":"https:\/\/www.associationdemarie.org\/blog\/wp-json\/wp\/v2\/media?parent=18204"}],"wp:term":[{"taxonomy":"category","embeddable":true,"href":"https:\/\/www.associationdemarie.org\/blog\/wp-json\/wp\/v2\/categories?post=18204"},{"taxonomy":"post_tag","embeddable":true,"href":"https:\/\/www.associationdemarie.org\/blog\/wp-json\/wp\/v2\/tags?post=18204"}],"curies":[{"name":"wp","href":"https:\/\/api.w.org\/{rel}","templated":true}]}}