{"id":18189,"date":"2019-11-30T01:27:26","date_gmt":"2019-11-30T00:27:26","guid":{"rendered":"http:\/\/www.associationdemarie.org\/blog\/?p=18189"},"modified":"2019-11-11T16:28:37","modified_gmt":"2019-11-11T15:28:37","slug":"fete-de-saint-andre-apotre-4","status":"publish","type":"post","link":"https:\/\/www.associationdemarie.org\/blog\/fete-de-saint-andre-apotre-4\/","title":{"rendered":"F\u00eate de saint Andr\u00e9, ap\u00f4tre"},"content":{"rendered":"<p><img loading=\"lazy\" decoding=\"async\" class=\"aligncenter  wp-image-18190\" src=\"https:\/\/www.associationdemarie.org\/blog\/wp-content\/uploads\/2019\/11\/apostolos_andreas_1.jpg\" alt=\"\" width=\"360\" height=\"610\" srcset=\"https:\/\/www.associationdemarie.org\/blog\/wp-content\/uploads\/2019\/11\/apostolos_andreas_1.jpg 500w, https:\/\/www.associationdemarie.org\/blog\/wp-content\/uploads\/2019\/11\/apostolos_andreas_1-177x300.jpg 177w\" sizes=\"auto, (max-width: 360px) 100vw, 360px\" \/><\/p>\n<p>Une tradition (&#8230;) raconte la mort d&rsquo;Andr\u00e9 \u00e0 Patras, o\u00f9 il subit le supplice de la crucifixion. Mais en ce moment supr\u00eame, d&rsquo;une mani\u00e8re analogue \u00e0 son fr\u00e8re Pierre, il demanda \u00e0 \u00eatre mis sur une croix diff\u00e9rente de celle de J\u00e9sus. En son cas, il s&rsquo;agit d&rsquo;une croix d\u00e9cuss\u00e9e, c&rsquo;est-\u00e0-dire \u00e0 croisement transversal inclin\u00e9, qui est pour cela appel\u00e9e \u00ab croix de saint Andr\u00e9 \u00bb.<\/p>\n<p>Voici ce que l&rsquo;ap\u00f4tre aurait dit en cette occasion, selon un vieux r\u00e9cit : \u00ab Salut, \u00f4 croix, inaugur\u00e9e avec le corps du Christ et devenue l&rsquo;ornement de ses membres, comme si c&rsquo;\u00e9taient des pierres pr\u00e9cieuses. Avant que le Seigneur monte sur toi, tu inspirais une crainte terrestre. Maintenant au contraire, dot\u00e9e d&rsquo;un amour c\u00e9leste, sois re\u00e7ue comme un don. Les croyants savent, \u00e0 ton \u00e9gard, quelle joie tu poss\u00e8des, quels cadeaux tu tiens pr\u00e9par\u00e9s. Aussi, s\u00fbr et plein de joie, je viens \u00e0 toi pour que, toi aussi, tu me re\u00e7oives, dans l&rsquo;exultation, comme celui qui fut suspendu \u00e0 toi. (&#8230;) \u00d4 croix bienheureuse, qui as rev\u00eatu la majest\u00e9 et la beaut\u00e9 des membres du Seigneur. (&#8230;) Prends-moi et porte-moi loin des hommes et rends-moi \u00e0 mon Ma\u00eetre, afin que par ton interm\u00e9diaire me re\u00e7oive celui qui m&rsquo;a rachet\u00e9. Salut, \u00f4 croix, oui, vraiment, salut ! \u00bb<\/p>\n<p>Comme on le voit, il y a l\u00e0 une spiritualit\u00e9 chr\u00e9tienne tr\u00e8s profonde, qui voit dans la croix non pas tellement un instrument de torture mais bien plut\u00f4t le moyen incomparable d&rsquo;une pleine assimilation au R\u00e9dempteur, au grain de bl\u00e9 tomb\u00e9 en terre (Jn 12,24). Nous devons apprendre de cela une le\u00e7on tr\u00e8s importante : nos croix acqui\u00e8rent de la valeur si elles sont consid\u00e9r\u00e9es et accueillies comme une partie de la croix du Christ, si elles refl\u00e8tent sa lumi\u00e8re. C&rsquo;est seulement par cette croix que nos souffrances sont ennoblies et acqui\u00e8rent leur vrai sens.<\/p>\n<h3 class=\"GospelCommentaryAuthor-name commentary-author font-2\">Beno\u00eet XVI<\/h3>\n<p>&nbsp;<\/p>\n<p>&nbsp;<\/p>\n<p>&nbsp;<\/p>\n<p>&nbsp;<\/p>\n","protected":false},"excerpt":{"rendered":"<p>Une tradition (&#8230;) raconte la mort d&rsquo;Andr\u00e9 \u00e0 Patras, o\u00f9 il subit le supplice de la crucifixion. Mais en ce moment supr\u00eame, d&rsquo;une mani\u00e8re analogue \u00e0 son fr\u00e8re Pierre, il demanda \u00e0 \u00eatre mis sur une croix diff\u00e9rente de celle de J\u00e9sus. En son cas, il s&rsquo;agit d&rsquo;une croix d\u00e9cuss\u00e9e, c&rsquo;est-\u00e0-dire \u00e0 croisement transversal inclin\u00e9, [&hellip;]<\/p>\n","protected":false},"author":2,"featured_media":0,"comment_status":"closed","ping_status":"closed","sticky":false,"template":"","format":"standard","meta":{"footnotes":""},"categories":[3,28],"tags":[142,1009],"class_list":["post-18189","post","type-post","status-publish","format-standard","hentry","category-liturgique","category-saints-et-saintes","tag-benoit-16","tag-st-andre"],"_links":{"self":[{"href":"https:\/\/www.associationdemarie.org\/blog\/wp-json\/wp\/v2\/posts\/18189","targetHints":{"allow":["GET"]}}],"collection":[{"href":"https:\/\/www.associationdemarie.org\/blog\/wp-json\/wp\/v2\/posts"}],"about":[{"href":"https:\/\/www.associationdemarie.org\/blog\/wp-json\/wp\/v2\/types\/post"}],"author":[{"embeddable":true,"href":"https:\/\/www.associationdemarie.org\/blog\/wp-json\/wp\/v2\/users\/2"}],"replies":[{"embeddable":true,"href":"https:\/\/www.associationdemarie.org\/blog\/wp-json\/wp\/v2\/comments?post=18189"}],"version-history":[{"count":1,"href":"https:\/\/www.associationdemarie.org\/blog\/wp-json\/wp\/v2\/posts\/18189\/revisions"}],"predecessor-version":[{"id":18191,"href":"https:\/\/www.associationdemarie.org\/blog\/wp-json\/wp\/v2\/posts\/18189\/revisions\/18191"}],"wp:attachment":[{"href":"https:\/\/www.associationdemarie.org\/blog\/wp-json\/wp\/v2\/media?parent=18189"}],"wp:term":[{"taxonomy":"category","embeddable":true,"href":"https:\/\/www.associationdemarie.org\/blog\/wp-json\/wp\/v2\/categories?post=18189"},{"taxonomy":"post_tag","embeddable":true,"href":"https:\/\/www.associationdemarie.org\/blog\/wp-json\/wp\/v2\/tags?post=18189"}],"curies":[{"name":"wp","href":"https:\/\/api.w.org\/{rel}","templated":true}]}}