{"id":18168,"date":"2019-11-23T01:08:03","date_gmt":"2019-11-23T00:08:03","guid":{"rendered":"http:\/\/www.associationdemarie.org\/blog\/?p=18168"},"modified":"2019-11-05T09:10:00","modified_gmt":"2019-11-05T08:10:00","slug":"il-nest-pas-le-dieu-des-morts-mais-des-vivants-3","status":"publish","type":"post","link":"https:\/\/www.associationdemarie.org\/blog\/il-nest-pas-le-dieu-des-morts-mais-des-vivants-3\/","title":{"rendered":"\u00ab Il n&rsquo;est pas le Dieu des morts, mais des vivants. \u00bb"},"content":{"rendered":"<p><img loading=\"lazy\" decoding=\"async\" class=\"aligncenter  wp-image-18169\" src=\"https:\/\/www.associationdemarie.org\/blog\/wp-content\/uploads\/2019\/11\/33et.o.b.xl_.jpg\" alt=\"\" width=\"343\" height=\"486\" srcset=\"https:\/\/www.associationdemarie.org\/blog\/wp-content\/uploads\/2019\/11\/33et.o.b.xl_.jpg 422w, https:\/\/www.associationdemarie.org\/blog\/wp-content\/uploads\/2019\/11\/33et.o.b.xl_-212x300.jpg 212w\" sizes=\"auto, (max-width: 343px) 100vw, 343px\" \/><\/p>\n<p>C&rsquo;est en face de la mort que l&rsquo;\u00e9nigme de la condition humaine atteint son sommet. L&rsquo;homme n&rsquo;est pas seulement tourment\u00e9 par la souffrance et la d\u00e9ch\u00e9ance progressive de son corps, mais plus encore, par la peur d&rsquo;une destruction d\u00e9finitive. Et c&rsquo;est par une inspiration juste de son c\u0153ur qu&rsquo;il rejette et refuse cette ruine totale et cet \u00e9chec d\u00e9finitif de sa personne. Le germe d&rsquo;\u00e9ternit\u00e9 qu&rsquo;il porte en lui, irr\u00e9ductible \u00e0 la seule mati\u00e8re, s&rsquo;insurge contre la mort. Toutes les tentatives de la technique, si utiles qu&rsquo;elles soient, sont impuissantes \u00e0 calmer son anxi\u00e9t\u00e9\u00a0: car le prolongement de la vie que la biologie procure ne peut pas satisfaire ce d\u00e9sir d&rsquo;une vie ult\u00e9rieure, invinciblement ancr\u00e9 dans son c\u0153ur.<\/p>\n<p>Mais si toute imagination ici d\u00e9faille, l&rsquo;\u00c9glise, instruite par la R\u00e9v\u00e9lation divine, affirme que Dieu a cr\u00e9\u00e9 l&rsquo;homme en vue d&rsquo;une fin bienheureuse, au-del\u00e0 des mis\u00e8res du temps pr\u00e9sent. De plus, la foi chr\u00e9tienne enseigne que cette mort corporelle, \u00e0 laquelle l&rsquo;homme aurait \u00e9t\u00e9 soustrait s&rsquo;il n&rsquo;avait pas p\u00e9ch\u00e9, sera un jour vaincue, lorsque le salut, perdu par la faute de l&rsquo;homme, lui sera rendu par son tout-puissant et mis\u00e9ricordieux Sauveur. Car Dieu a appel\u00e9 et appelle l&rsquo;homme \u00e0 adh\u00e9rer \u00e0 lui de tout son \u00eatre, dans la communion \u00e9ternelle d&rsquo;une vie inalt\u00e9rable. Cette victoire, le Christ l&rsquo;a acquise en ressuscitant, lib\u00e9rant l&rsquo;homme de la mort par sa propre mort. A partir des titres s\u00e9rieux qu&rsquo;elle offre \u00e0 l&rsquo;examen de tout homme, la foi est ainsi en mesure de r\u00e9pondre \u00e0 son interrogation angoiss\u00e9e sur son propre avenir. Elle nous offre en m\u00eame temps la possibilit\u00e9 d&rsquo;une communion dans le Christ avec nos fr\u00e8res bien-aim\u00e9s qui sont d\u00e9j\u00e0 morts, en nous donnant l&rsquo;esp\u00e9rance qu&rsquo;ils ont trouv\u00e9 pr\u00e8s de Dieu la vie v\u00e9ritable.<\/p>\n<h3 class=\"GospelCommentaryAuthor-name commentary-author font-2\">Concile Vatican II<\/h3>\n<p>&nbsp;<\/p>\n<p>&nbsp;<\/p>\n<p>&nbsp;<\/p>\n","protected":false},"excerpt":{"rendered":"<p>C&rsquo;est en face de la mort que l&rsquo;\u00e9nigme de la condition humaine atteint son sommet. L&rsquo;homme n&rsquo;est pas seulement tourment\u00e9 par la souffrance et la d\u00e9ch\u00e9ance progressive de son corps, mais plus encore, par la peur d&rsquo;une destruction d\u00e9finitive. Et c&rsquo;est par une inspiration juste de son c\u0153ur qu&rsquo;il rejette et refuse cette ruine totale [&hellip;]<\/p>\n","protected":false},"author":2,"featured_media":0,"comment_status":"closed","ping_status":"closed","sticky":false,"template":"","format":"standard","meta":{"footnotes":""},"categories":[13,1261],"tags":[1382,695,1174,1534],"class_list":["post-18168","post","type-post","status-publish","format-standard","hentry","category-ecritures","category-enseignement-2","tag-ecritures","tag-mort","tag-vatican-2","tag-vivant"],"_links":{"self":[{"href":"https:\/\/www.associationdemarie.org\/blog\/wp-json\/wp\/v2\/posts\/18168","targetHints":{"allow":["GET"]}}],"collection":[{"href":"https:\/\/www.associationdemarie.org\/blog\/wp-json\/wp\/v2\/posts"}],"about":[{"href":"https:\/\/www.associationdemarie.org\/blog\/wp-json\/wp\/v2\/types\/post"}],"author":[{"embeddable":true,"href":"https:\/\/www.associationdemarie.org\/blog\/wp-json\/wp\/v2\/users\/2"}],"replies":[{"embeddable":true,"href":"https:\/\/www.associationdemarie.org\/blog\/wp-json\/wp\/v2\/comments?post=18168"}],"version-history":[{"count":1,"href":"https:\/\/www.associationdemarie.org\/blog\/wp-json\/wp\/v2\/posts\/18168\/revisions"}],"predecessor-version":[{"id":18170,"href":"https:\/\/www.associationdemarie.org\/blog\/wp-json\/wp\/v2\/posts\/18168\/revisions\/18170"}],"wp:attachment":[{"href":"https:\/\/www.associationdemarie.org\/blog\/wp-json\/wp\/v2\/media?parent=18168"}],"wp:term":[{"taxonomy":"category","embeddable":true,"href":"https:\/\/www.associationdemarie.org\/blog\/wp-json\/wp\/v2\/categories?post=18168"},{"taxonomy":"post_tag","embeddable":true,"href":"https:\/\/www.associationdemarie.org\/blog\/wp-json\/wp\/v2\/tags?post=18168"}],"curies":[{"name":"wp","href":"https:\/\/api.w.org\/{rel}","templated":true}]}}