{"id":18151,"date":"2019-11-18T02:01:58","date_gmt":"2019-11-18T01:01:58","guid":{"rendered":"http:\/\/www.associationdemarie.org\/blog\/?p=18151"},"modified":"2019-11-02T22:03:44","modified_gmt":"2019-11-02T21:03:44","slug":"jesus-fils-de-david-aie-pitie-de-moi-2","status":"publish","type":"post","link":"https:\/\/www.associationdemarie.org\/blog\/jesus-fils-de-david-aie-pitie-de-moi-2\/","title":{"rendered":"\u00ab J\u00e9sus, fils de David, aie piti\u00e9 de moi. \u00bb"},"content":{"rendered":"<p><img loading=\"lazy\" decoding=\"async\" class=\"aligncenter  wp-image-18152\" src=\"https:\/\/www.associationdemarie.org\/blog\/wp-content\/uploads\/2019\/11\/lampe_20161202.jpg\" alt=\"\" width=\"401\" height=\"301\" srcset=\"https:\/\/www.associationdemarie.org\/blog\/wp-content\/uploads\/2019\/11\/lampe_20161202.jpg 500w, https:\/\/www.associationdemarie.org\/blog\/wp-content\/uploads\/2019\/11\/lampe_20161202-300x225.jpg 300w\" sizes=\"auto, (max-width: 401px) 100vw, 401px\" \/><\/p>\n<p>Remarquons-le, c&rsquo;est quand J\u00e9sus approche de J\u00e9richo que l&rsquo;aveugle recouvre la vue. J\u00e9richo signifie \u00ab\u00a0lune \u00bb, et dans l&rsquo;\u00c9criture Sainte la lune est le symbole de la chair vou\u00e9e \u00e0 dispara\u00eetre ; \u00e0 tel moment du mois elle d\u00e9cro\u00eet, symbolisant le d\u00e9clin de notre condition humaine vou\u00e9e \u00e0 la mort. C&rsquo;est donc en approchant de J\u00e9richo que notre Cr\u00e9ateur rend la vue \u00e0 l&rsquo;aveugle. C&rsquo;est en se faisant notre proche par la chair, qu&rsquo;il a rev\u00eatue avec sa mortalit\u00e9, qu&rsquo;il rend au genre humain la lumi\u00e8re que nous avions perdue. C&rsquo;est bien parce que Dieu endosse notre nature que l&rsquo;homme acc\u00e8de \u00e0 la condition divine.<\/p>\n<p>Et c&rsquo;est tr\u00e8s justement l&rsquo;humanit\u00e9 qui est repr\u00e9sent\u00e9e par cet aveugle, assis au bord du chemin et mendiant, car la V\u00e9rit\u00e9 dit d&rsquo;elle-m\u00eame\u00a0: \u00ab\u00a0Je suis le chemin \u00bb (Jn 14,6). Celui qui ne connait pas l&rsquo;\u00e9clat de la lumi\u00e8re \u00e9ternelle est bien un aveugle, mais s&rsquo;il commence \u00e0 croire au R\u00e9dempteur, alors il est \u00ab\u00a0assis au bord du chemin \u00bb. Si, tout en croyant en lui, il n\u00e9glige d&rsquo;implorer le don de la lumi\u00e8re \u00e9ternelle, s&rsquo;il refuse de le prier, il reste un aveugle au bord du chemin ; il ne se fait pas demandeur. (&#8230;) Que tout homme qui reconna\u00eet les t\u00e9n\u00e8bres qui font de lui un aveugle, que tout homme qui comprend que la lumi\u00e8re \u00e9ternelle lui fait d\u00e9faut, crie du fond de son c\u0153ur, qu&rsquo;il crie de tout son esprit\u00a0: \u00ab\u00a0J\u00e9sus, fils de David, aie piti\u00e9 de moi. \u00bb<\/p>\n<h3 class=\"GospelCommentaryAuthor-name commentary-author font-2\">Saint Gr\u00e9goire le Grand (v. 540-604)<\/h3>\n<p>&nbsp;<\/p>\n<p>&nbsp;<\/p>\n<p>&nbsp;<\/p>\n<p>&nbsp;<\/p>\n","protected":false},"excerpt":{"rendered":"<p>Remarquons-le, c&rsquo;est quand J\u00e9sus approche de J\u00e9richo que l&rsquo;aveugle recouvre la vue. J\u00e9richo signifie \u00ab\u00a0lune \u00bb, et dans l&rsquo;\u00c9criture Sainte la lune est le symbole de la chair vou\u00e9e \u00e0 dispara\u00eetre ; \u00e0 tel moment du mois elle d\u00e9cro\u00eet, symbolisant le d\u00e9clin de notre condition humaine vou\u00e9e \u00e0 la mort. C&rsquo;est donc en approchant de [&hellip;]<\/p>\n","protected":false},"author":2,"featured_media":0,"comment_status":"closed","ping_status":"closed","sticky":false,"template":"","format":"standard","meta":{"footnotes":""},"categories":[13,1261],"tags":[128,531,1488],"class_list":["post-18151","post","type-post","status-publish","format-standard","hentry","category-ecritures","category-enseignement-2","tag-aveugle","tag-jericho","tag-st-gregoire-le-grand"],"_links":{"self":[{"href":"https:\/\/www.associationdemarie.org\/blog\/wp-json\/wp\/v2\/posts\/18151","targetHints":{"allow":["GET"]}}],"collection":[{"href":"https:\/\/www.associationdemarie.org\/blog\/wp-json\/wp\/v2\/posts"}],"about":[{"href":"https:\/\/www.associationdemarie.org\/blog\/wp-json\/wp\/v2\/types\/post"}],"author":[{"embeddable":true,"href":"https:\/\/www.associationdemarie.org\/blog\/wp-json\/wp\/v2\/users\/2"}],"replies":[{"embeddable":true,"href":"https:\/\/www.associationdemarie.org\/blog\/wp-json\/wp\/v2\/comments?post=18151"}],"version-history":[{"count":1,"href":"https:\/\/www.associationdemarie.org\/blog\/wp-json\/wp\/v2\/posts\/18151\/revisions"}],"predecessor-version":[{"id":18153,"href":"https:\/\/www.associationdemarie.org\/blog\/wp-json\/wp\/v2\/posts\/18151\/revisions\/18153"}],"wp:attachment":[{"href":"https:\/\/www.associationdemarie.org\/blog\/wp-json\/wp\/v2\/media?parent=18151"}],"wp:term":[{"taxonomy":"category","embeddable":true,"href":"https:\/\/www.associationdemarie.org\/blog\/wp-json\/wp\/v2\/categories?post=18151"},{"taxonomy":"post_tag","embeddable":true,"href":"https:\/\/www.associationdemarie.org\/blog\/wp-json\/wp\/v2\/tags?post=18151"}],"curies":[{"name":"wp","href":"https:\/\/api.w.org\/{rel}","templated":true}]}}