{"id":18109,"date":"2019-11-07T01:56:12","date_gmt":"2019-11-07T00:56:12","guid":{"rendered":"http:\/\/www.associationdemarie.org\/blog\/?p=18109"},"modified":"2019-10-23T10:06:00","modified_gmt":"2019-10-23T09:06:00","slug":"rejouissez-vous-avec-moi-car-jai-retrouve-ma-brebis","status":"publish","type":"post","link":"https:\/\/www.associationdemarie.org\/blog\/rejouissez-vous-avec-moi-car-jai-retrouve-ma-brebis\/","title":{"rendered":"\u00ab R\u00e9jouissez-vous avec moi, car j\u2019ai retrouv\u00e9 ma brebis. \u00bb"},"content":{"rendered":"<p><img loading=\"lazy\" decoding=\"async\" class=\"aligncenter size-full wp-image-18110\" src=\"https:\/\/www.associationdemarie.org\/blog\/wp-content\/uploads\/2019\/10\/ob_5596f4_75a00dc0.jpg\" alt=\"\" width=\"336\" height=\"425\" srcset=\"https:\/\/www.associationdemarie.org\/blog\/wp-content\/uploads\/2019\/10\/ob_5596f4_75a00dc0.jpg 336w, https:\/\/www.associationdemarie.org\/blog\/wp-content\/uploads\/2019\/10\/ob_5596f4_75a00dc0-237x300.jpg 237w\" sizes=\"auto, (max-width: 336px) 100vw, 336px\" \/><\/p>\n<p>Je me suis \u00e9gar\u00e9 dans le d\u00e9sert,<\/p>\n<p>J&rsquo;ai err\u00e9 dans la r\u00e9gion inhabit\u00e9e,<\/p>\n<p>Selon la parabole de la brebis,<\/p>\n<p>Une parmi le groupe des cent.<\/p>\n<p>&nbsp;<\/p>\n<p>Le m\u00e9chant Ennemi l&rsquo;a d\u00e9chir\u00e9e\u00a0:<\/p>\n<p>Il l&rsquo;a couverte de plaies incurables\u00a0;<\/p>\n<p>C&rsquo;est pourquoi il n&rsquo;y a pas d&rsquo;autre rem\u00e8de \u00e0 la plaie,<\/p>\n<p>Sinon Toi, pour la gu\u00e9rir.<\/p>\n<p>&nbsp;<\/p>\n<p>Je te supplie tout en larmes,<\/p>\n<p>J&rsquo;\u00e9l\u00e8ve mes cris vers mon Sauveur\u00a0:<\/p>\n<p>Toi, bon Pasteur venu du ciel,<\/p>\n<p>Mets-toi \u00e0 la recherche du petit troupeau.<\/p>\n<p>&nbsp;<\/p>\n<p>Cherche, Seigneur, la pi\u00e8ce d&rsquo;argent tomb\u00e9e<\/p>\n<p>Qui est ton image perdue (Cf. Gn 1,26),<\/p>\n<p>Que j&rsquo;ai enfouie dans le vice du p\u00e9ch\u00e9<\/p>\n<p>Et dans la boue f\u00e9tide.<\/p>\n<p>&nbsp;<\/p>\n<p>Lave-moi, Seigneur, de ma souillure\u00a0;<\/p>\n<p>Rends mon \u00e2me pure, telle la blancheur de neige (Cf. Is 1,18).<\/p>\n<p>Veuille compl\u00e9ter le nombre des dix pi\u00e8ces,<\/p>\n<p>Comme tu l&rsquo;as fait pour les quarante saints [de S\u00e9baste].<\/p>\n<p>&nbsp;<\/p>\n<p>Porte-moi sur tes \u00e9paules, Toi qui as port\u00e9 la croix,<\/p>\n<p>Veuille relever mon \u00e2me tomb\u00e9e\u00a0;<\/p>\n<p>R\u00e9jouis l&rsquo;arm\u00e9e c\u00e9leste des anges<\/p>\n<p>Pour le retour d&rsquo;un seul p\u00e9cheur.<\/p>\n<p>&nbsp;<\/p>\n<h3 class=\"GospelCommentaryAuthor-name commentary-author font-2\">Saint Ners\u00e8s Snorhali<\/h3>\n","protected":false},"excerpt":{"rendered":"<p>Je me suis \u00e9gar\u00e9 dans le d\u00e9sert, J&rsquo;ai err\u00e9 dans la r\u00e9gion inhabit\u00e9e, Selon la parabole de la brebis, Une parmi le groupe des cent. &nbsp; Le m\u00e9chant Ennemi l&rsquo;a d\u00e9chir\u00e9e\u00a0: Il l&rsquo;a couverte de plaies incurables\u00a0; C&rsquo;est pourquoi il n&rsquo;y a pas d&rsquo;autre rem\u00e8de \u00e0 la plaie, Sinon Toi, pour la gu\u00e9rir. &nbsp; Je [&hellip;]<\/p>\n","protected":false},"author":2,"featured_media":0,"comment_status":"closed","ping_status":"closed","sticky":false,"template":"","format":"standard","meta":{"footnotes":""},"categories":[13,1261],"tags":[174,779,1500],"class_list":["post-18109","post","type-post","status-publish","format-standard","hentry","category-ecritures","category-enseignement-2","tag-brebis","tag-pasteur","tag-st-nerses-snorhali"],"_links":{"self":[{"href":"https:\/\/www.associationdemarie.org\/blog\/wp-json\/wp\/v2\/posts\/18109","targetHints":{"allow":["GET"]}}],"collection":[{"href":"https:\/\/www.associationdemarie.org\/blog\/wp-json\/wp\/v2\/posts"}],"about":[{"href":"https:\/\/www.associationdemarie.org\/blog\/wp-json\/wp\/v2\/types\/post"}],"author":[{"embeddable":true,"href":"https:\/\/www.associationdemarie.org\/blog\/wp-json\/wp\/v2\/users\/2"}],"replies":[{"embeddable":true,"href":"https:\/\/www.associationdemarie.org\/blog\/wp-json\/wp\/v2\/comments?post=18109"}],"version-history":[{"count":1,"href":"https:\/\/www.associationdemarie.org\/blog\/wp-json\/wp\/v2\/posts\/18109\/revisions"}],"predecessor-version":[{"id":18111,"href":"https:\/\/www.associationdemarie.org\/blog\/wp-json\/wp\/v2\/posts\/18109\/revisions\/18111"}],"wp:attachment":[{"href":"https:\/\/www.associationdemarie.org\/blog\/wp-json\/wp\/v2\/media?parent=18109"}],"wp:term":[{"taxonomy":"category","embeddable":true,"href":"https:\/\/www.associationdemarie.org\/blog\/wp-json\/wp\/v2\/categories?post=18109"},{"taxonomy":"post_tag","embeddable":true,"href":"https:\/\/www.associationdemarie.org\/blog\/wp-json\/wp\/v2\/tags?post=18109"}],"curies":[{"name":"wp","href":"https:\/\/api.w.org\/{rel}","templated":true}]}}