{"id":18098,"date":"2019-11-05T01:26:34","date_gmt":"2019-11-05T00:26:34","guid":{"rendered":"http:\/\/www.associationdemarie.org\/blog\/?p=18098"},"modified":"2019-10-21T13:28:21","modified_gmt":"2019-10-21T12:28:21","slug":"depeche-toi-daller-sur-les-places-et-dans-les-rues-de-la-ville-et-amene-ici-les-pauvres-2","status":"publish","type":"post","link":"https:\/\/www.associationdemarie.org\/blog\/depeche-toi-daller-sur-les-places-et-dans-les-rues-de-la-ville-et-amene-ici-les-pauvres-2\/","title":{"rendered":"\u00ab D\u00e9p\u00eache-toi d\u2019aller sur les places et dans les rues de la ville, et am\u00e8ne ici les pauvres ! \u00bb"},"content":{"rendered":"<p><img loading=\"lazy\" decoding=\"async\" class=\"aligncenter  wp-image-18099\" src=\"https:\/\/www.associationdemarie.org\/blog\/wp-content\/uploads\/2019\/10\/Cana-500x389.jpg\" alt=\"\" width=\"410\" height=\"319\" srcset=\"https:\/\/www.associationdemarie.org\/blog\/wp-content\/uploads\/2019\/10\/Cana-500x389.jpg 500w, https:\/\/www.associationdemarie.org\/blog\/wp-content\/uploads\/2019\/10\/Cana-500x389-300x233.jpg 300w\" sizes=\"auto, (max-width: 410px) 100vw, 410px\" \/><\/p>\n<p>Le pauvre n&rsquo;a pas faim seulement de pain, il a aussi terriblement faim de dignit\u00e9 humaine. Nous avons besoin d&rsquo;amour et d&rsquo;exister pour quelqu&rsquo;un d&rsquo;autre. C&rsquo;est l\u00e0 que nous commettons une erreur lorsque nous repoussons les gens sur le bas-c\u00f4t\u00e9. Non seulement nous avons refus\u00e9 aux pauvres un morceau de pain mais, en les consid\u00e9rant comme rien, en les abandonnant \u00e0 la rue, nous leur refusons cette dignit\u00e9 qui est la leur, de plein droit, en tant qu&rsquo;enfants de Dieu. Le monde, aujourd&rsquo;hui, est affam\u00e9 non seulement de pain, mais d&rsquo;amour ; il a faim d&rsquo;\u00eatre d\u00e9sir\u00e9, d&rsquo;\u00eatre aim\u00e9. Les gens ont faim de sentir la pr\u00e9sence du Christ. Dans beaucoup de pays, on dispose de tout en abondance, sauf de cette pr\u00e9sence, de cette bienveillance.<\/p>\n<p>En chaque pays il y a des pauvres. Il est des continents o\u00f9 la pauvret\u00e9 est plus spirituelle que mat\u00e9rielle, une pauvret\u00e9 faite de solitude, de d\u00e9couragement, d&rsquo;une absence de sens. Mais j&rsquo;ai vu aussi, en Europe ou en Am\u00e9rique, des gens dans le plus grand d\u00e9nuement dormir sur des cartons, des chiffons, dans les rues. Paris, Londres ou Rome connaissent cette forme de pauvret\u00e9. Il est si simple de parler ou de se pr\u00e9occuper des pauvres qui sont au loin. Il est plus difficile, et peut-\u00eatre un plus grand d\u00e9fi, de pr\u00eater attention et de se soucier du pauvre qui vit \u00e0 deux pas de chez nous.<\/p>\n<p>Le riz, le pain, que je donne \u00e0 l&rsquo;affam\u00e9 ramass\u00e9 dans la rue apaiseront sa faim. Mais celui qui vit dans l&rsquo;exclusion, le manque d&rsquo;amour et une grande peur, combien il sera difficile de combler cette faim-l\u00e0. Vous qui habitez en Occident, bien plus que la pauvret\u00e9 mat\u00e9rielle, vous connaissez la pauvret\u00e9 spirituelle, et c&rsquo;est pour cela que vos pauvres sont parmi les plus pauvres. Parmi les riches, il y a souvent des personnes spirituellement tr\u00e8s pauvres. Je trouve qu&rsquo;il est facile de nourrir un affam\u00e9 ou de fournir un lit \u00e0 un sans-abri, mais consoler, effacer l&rsquo;amertume, la col\u00e8re et l&rsquo;isolement qui viennent de l&rsquo;indigence spirituelle, cela demande beaucoup plus de temps.<\/p>\n<h3 class=\"GospelCommentaryAuthor-name commentary-author font-2\">Sainte Teresa de Calcutta (1910-1997)<\/h3>\n<p>&nbsp;<\/p>\n<p>&nbsp;<\/p>\n<p>&nbsp;<\/p>\n<p>&nbsp;<\/p>\n","protected":false},"excerpt":{"rendered":"<p>Le pauvre n&rsquo;a pas faim seulement de pain, il a aussi terriblement faim de dignit\u00e9 humaine. Nous avons besoin d&rsquo;amour et d&rsquo;exister pour quelqu&rsquo;un d&rsquo;autre. C&rsquo;est l\u00e0 que nous commettons une erreur lorsque nous repoussons les gens sur le bas-c\u00f4t\u00e9. Non seulement nous avons refus\u00e9 aux pauvres un morceau de pain mais, en les consid\u00e9rant [&hellip;]<\/p>\n","protected":false},"author":2,"featured_media":0,"comment_status":"closed","ping_status":"closed","sticky":false,"template":"","format":"standard","meta":{"footnotes":""},"categories":[13,1261],"tags":[785,1465],"class_list":["post-18098","post","type-post","status-publish","format-standard","hentry","category-ecritures","category-enseignement-2","tag-pauvrete","tag-ste-therese-de-calcutta"],"_links":{"self":[{"href":"https:\/\/www.associationdemarie.org\/blog\/wp-json\/wp\/v2\/posts\/18098","targetHints":{"allow":["GET"]}}],"collection":[{"href":"https:\/\/www.associationdemarie.org\/blog\/wp-json\/wp\/v2\/posts"}],"about":[{"href":"https:\/\/www.associationdemarie.org\/blog\/wp-json\/wp\/v2\/types\/post"}],"author":[{"embeddable":true,"href":"https:\/\/www.associationdemarie.org\/blog\/wp-json\/wp\/v2\/users\/2"}],"replies":[{"embeddable":true,"href":"https:\/\/www.associationdemarie.org\/blog\/wp-json\/wp\/v2\/comments?post=18098"}],"version-history":[{"count":1,"href":"https:\/\/www.associationdemarie.org\/blog\/wp-json\/wp\/v2\/posts\/18098\/revisions"}],"predecessor-version":[{"id":18100,"href":"https:\/\/www.associationdemarie.org\/blog\/wp-json\/wp\/v2\/posts\/18098\/revisions\/18100"}],"wp:attachment":[{"href":"https:\/\/www.associationdemarie.org\/blog\/wp-json\/wp\/v2\/media?parent=18098"}],"wp:term":[{"taxonomy":"category","embeddable":true,"href":"https:\/\/www.associationdemarie.org\/blog\/wp-json\/wp\/v2\/categories?post=18098"},{"taxonomy":"post_tag","embeddable":true,"href":"https:\/\/www.associationdemarie.org\/blog\/wp-json\/wp\/v2\/tags?post=18098"}],"curies":[{"name":"wp","href":"https:\/\/api.w.org\/{rel}","templated":true}]}}