{"id":18085,"date":"2019-11-01T01:58:15","date_gmt":"2019-11-01T00:58:15","guid":{"rendered":"http:\/\/www.associationdemarie.org\/blog\/?p=18085"},"modified":"2019-10-17T06:59:50","modified_gmt":"2019-10-17T05:59:50","slug":"solennite-de-la-toussaint-4","status":"publish","type":"post","link":"https:\/\/www.associationdemarie.org\/blog\/solennite-de-la-toussaint-4\/","title":{"rendered":"Solennit\u00e9 de la Toussaint"},"content":{"rendered":"<p><img loading=\"lazy\" decoding=\"async\" class=\"aligncenter  wp-image-18086\" src=\"https:\/\/www.associationdemarie.org\/blog\/wp-content\/uploads\/2019\/10\/toussaint-Fra-Angelico-Le-couronnement-de-la-Vierge-1-652x435.jpg\" alt=\"\" width=\"469\" height=\"313\" srcset=\"https:\/\/www.associationdemarie.org\/blog\/wp-content\/uploads\/2019\/10\/toussaint-Fra-Angelico-Le-couronnement-de-la-Vierge-1-652x435.jpg 652w, https:\/\/www.associationdemarie.org\/blog\/wp-content\/uploads\/2019\/10\/toussaint-Fra-Angelico-Le-couronnement-de-la-Vierge-1-652x435-300x200.jpg 300w\" sizes=\"auto, (max-width: 469px) 100vw, 469px\" \/><\/p>\n<p>Dans la vie \u00e9ternelle, nous contemplerons avec les yeux de l&rsquo;intelligence la gloire de Dieu, de tous les anges et de tous les saints, ainsi que la r\u00e9compense et la gloire de chacun en particulier, en toutes mani\u00e8res que nous voudrons. Au dernier jour, au jugement de Dieu, lorsque nous ressusciterons avec nos corps glorieux par la puissance de notre Seigneur, ces corps seront resplendissants comme la neige, plus brillants que le soleil, transparents comme le cristal. (&#8230;) Le Christ, notre chantre et ma\u00eetre de ch\u0153ur, chantera de sa voix triomphante et douce un cantique \u00e9ternel, louange et honneur \u00e0 son P\u00e8re c\u00e9leste. Tous nous chanterons ce m\u00eame cantique d&rsquo;un esprit joyeux et d&rsquo;une voix claire, \u00e9ternellement et sans fin. La gloire de notre \u00e2me et son bonheur rejailliront sur nos sens et traverseront nos membres\u00a0; nous nous contemplerons mutuellement de nos yeux glorifi\u00e9s\u00a0; nous entendrons, nous dirons, nous chanterons la louange de notre Seigneur avec des voix qui ne d\u00e9failliront jamais.<\/p>\n<p>Le Christ nous servira\u00a0; il nous montrera sa face lumineuse et son corps de gloire portant les marques de la fid\u00e9lit\u00e9 et de l&rsquo;amour. Nous regarderons aussi tous les corps glorieux avec toutes les marques de l&rsquo;amour avec lequel ils ont servi Dieu depuis le commencement du monde. (&#8230;) Nos c\u0153urs vivants s&#8217;embraseront d&rsquo;un amour ardent pour Dieu et pour tous les saints. (&#8230;)<\/p>\n<p>Le Christ, dans sa nature humaine, m\u00e8nera le ch\u0153ur de droite, car cette nature est ce que Dieu a fait de plus noble et de plus sublime. \u00c0 ce ch\u0153ur appartiennent tous ceux en qui il vit et qui vivent en lui. L&rsquo;autre ch\u0153ur est celui des anges\u00a0; bien qu&rsquo;ils soient plus \u00e9lev\u00e9s de nature, nous les hommes nous avons davantage re\u00e7u en J\u00e9sus Christ avec qui nous sommes un. Lui-m\u00eame sera le pontife supr\u00eame au milieu du ch\u0153ur des anges et des hommes, devant le tr\u00f4ne de la souveraine majest\u00e9 de Dieu. Et il offrira et il renouvellera devant son P\u00e8re c\u00e9leste, le Dieu tout-puissant, toutes les offrandes qui ont jamais \u00e9t\u00e9 pr\u00e9sent\u00e9es par les anges et par les hommes\u00a0; sans cesse, elles se renouvelleront et continueront \u00e0 jamais dans la gloire de Dieu.<\/p>\n<h3 class=\"GospelCommentaryAuthor-name commentary-author font-2\">Bienheureux Jan van Ruusbroec (1293-1381)<\/h3>\n<p>&nbsp;<\/p>\n<p>&nbsp;<\/p>\n<p>&nbsp;<\/p>\n","protected":false},"excerpt":{"rendered":"<p>Dans la vie \u00e9ternelle, nous contemplerons avec les yeux de l&rsquo;intelligence la gloire de Dieu, de tous les anges et de tous les saints, ainsi que la r\u00e9compense et la gloire de chacun en particulier, en toutes mani\u00e8res que nous voudrons. Au dernier jour, au jugement de Dieu, lorsque nous ressusciterons avec nos corps glorieux [&hellip;]<\/p>\n","protected":false},"author":2,"featured_media":0,"comment_status":"closed","ping_status":"closed","sticky":false,"template":"","format":"standard","meta":{"footnotes":""},"categories":[3,13,1261],"tags":[156,1146],"class_list":["post-18085","post","type-post","status-publish","format-standard","hentry","category-liturgique","category-ecritures","category-enseignement-2","tag-bienheureux-jan-van-ruusbroec","tag-toussaint"],"_links":{"self":[{"href":"https:\/\/www.associationdemarie.org\/blog\/wp-json\/wp\/v2\/posts\/18085","targetHints":{"allow":["GET"]}}],"collection":[{"href":"https:\/\/www.associationdemarie.org\/blog\/wp-json\/wp\/v2\/posts"}],"about":[{"href":"https:\/\/www.associationdemarie.org\/blog\/wp-json\/wp\/v2\/types\/post"}],"author":[{"embeddable":true,"href":"https:\/\/www.associationdemarie.org\/blog\/wp-json\/wp\/v2\/users\/2"}],"replies":[{"embeddable":true,"href":"https:\/\/www.associationdemarie.org\/blog\/wp-json\/wp\/v2\/comments?post=18085"}],"version-history":[{"count":1,"href":"https:\/\/www.associationdemarie.org\/blog\/wp-json\/wp\/v2\/posts\/18085\/revisions"}],"predecessor-version":[{"id":18087,"href":"https:\/\/www.associationdemarie.org\/blog\/wp-json\/wp\/v2\/posts\/18085\/revisions\/18087"}],"wp:attachment":[{"href":"https:\/\/www.associationdemarie.org\/blog\/wp-json\/wp\/v2\/media?parent=18085"}],"wp:term":[{"taxonomy":"category","embeddable":true,"href":"https:\/\/www.associationdemarie.org\/blog\/wp-json\/wp\/v2\/categories?post=18085"},{"taxonomy":"post_tag","embeddable":true,"href":"https:\/\/www.associationdemarie.org\/blog\/wp-json\/wp\/v2\/tags?post=18085"}],"curies":[{"name":"wp","href":"https:\/\/api.w.org\/{rel}","templated":true}]}}