{"id":18046,"date":"2019-10-20T01:47:36","date_gmt":"2019-10-20T00:47:36","guid":{"rendered":"http:\/\/www.associationdemarie.org\/blog\/?p=18046"},"modified":"2019-10-05T15:50:25","modified_gmt":"2019-10-05T14:50:25","slug":"prions-sans-nous-lasser-pour-decouvrir-la-splendeur-de-son-royaume","status":"publish","type":"post","link":"https:\/\/www.associationdemarie.org\/blog\/prions-sans-nous-lasser-pour-decouvrir-la-splendeur-de-son-royaume\/","title":{"rendered":"Prions sans nous lasser pour d\u00e9couvrir la splendeur de son Royaume"},"content":{"rendered":"<p><img loading=\"lazy\" decoding=\"async\" class=\"aligncenter wp-image-18047\" src=\"https:\/\/www.associationdemarie.org\/blog\/wp-content\/uploads\/2019\/10\/2176191468.jpg\" alt=\"\" width=\"463\" height=\"324\" srcset=\"https:\/\/www.associationdemarie.org\/blog\/wp-content\/uploads\/2019\/10\/2176191468.jpg 500w, https:\/\/www.associationdemarie.org\/blog\/wp-content\/uploads\/2019\/10\/2176191468-300x210.jpg 300w\" sizes=\"auto, (max-width: 463px) 100vw, 463px\" \/><\/p>\n<p>L\u2019invocation continuelle de J\u00e9sus, quand elle va de pair avec un d\u00e9sir plein de douceur et de joie, donne \u00e0 l\u2019espace du c\u0153ur d\u2019\u00eatre lui-m\u00eame empli de joie et de s\u00e9r\u00e9nit\u00e9 par la gr\u00e2ce de l\u2019attention extr\u00eame. Mais celui qui m\u00e8ne \u00e0 sa fin la purification du c\u0153ur est J\u00e9sus Christ, le Fils de Dieu et Dieu, qui est l\u2019origine et le cr\u00e9ateur de tous les biens. Car il dit\u00a0: \u00ab\u00a0Je suis Dieu qui fais la paix\u00a0\u00bb (Is 45,7 LXX). (&#8230;)<\/p>\n<p>Donnons-nous de la peine, comme David, \u00e0 crier \u00ab\u00a0Seigneur J\u00e9sus Christ\u00a0\u00bb. Que notre gorge s\u2019enroue. Et que les yeux de notre intelligence ne laissent pas d\u2019esp\u00e9rer dans le Seigneur notre Dieu (Ps 68(69),4 LXX). Si nous nous souvenons toujours de la parabole du juge inique, par laquelle le Seigneur nous dit qu\u2019il faut prier continuellement et ne pas nous lasser (cf. Lc 18,1), nous trouverons notre gain et notre justice. (&#8230;)<\/p>\n<p>L\u2019\u00e2me qui par la mort s\u2019est envol\u00e9e dans les airs, et qui aux portes du ciel a le Christ avec elle et pour elle, ne sera pas confondue l\u00e0 non plus par ses ennemis, mais alors comme maintenant elle leur parlera aux portes avec assurance. Seulement, qu\u2019elle ne se lasse pas jusqu&rsquo;\u00e0 son exode d\u2019appeler jour et nuit vers le Seigneur J\u00e9sus Christ, le Fils de Dieu. Selon sa divine promesse qui ne trompe pas, lui-m\u00eame lui fera prompte justice, comme il l\u2019a dit au sujet du juge inique (cf. Lc 18,1). Oui, je vous l\u2019affirme, il le fera, et dans la vie pr\u00e9sente, et lorsqu\u2019elle aura quitt\u00e9 son corps. (&#8230;)<\/p>\n<p>Il est vrai que tout cela ne vient pas de nous, mais de Dieu qui nous l\u2019a donn\u00e9. Lui qui, dans le P\u00e8re, le Fils et le Saint-Esprit, est lou\u00e9 et glorifi\u00e9 par toute nature de raison, par les anges, par les hommes, par toute la cr\u00e9ation qu\u2019a form\u00e9e la Trinit\u00e9 ineffable, le Dieu unique. Puissions-nous d\u00e9couvrir la splendeur de son Royaume, par les pri\u00e8res de la M\u00e8re de Dieu tr\u00e8s pure et de nos saints P\u00e8res. \u00c0 Dieu inaccessible, la gloire \u00e9ternelle. Amen.<\/p>\n<h3 class=\"GospelCommentaryAuthor-name commentary-author font-2\">H\u00e9sychius le Sina\u00efte<\/h3>\n<p>&nbsp;<\/p>\n<p>&nbsp;<\/p>\n<p>&nbsp;<\/p>\n","protected":false},"excerpt":{"rendered":"<p>L\u2019invocation continuelle de J\u00e9sus, quand elle va de pair avec un d\u00e9sir plein de douceur et de joie, donne \u00e0 l\u2019espace du c\u0153ur d\u2019\u00eatre lui-m\u00eame empli de joie et de s\u00e9r\u00e9nit\u00e9 par la gr\u00e2ce de l\u2019attention extr\u00eame. Mais celui qui m\u00e8ne \u00e0 sa fin la purification du c\u0153ur est J\u00e9sus Christ, le Fils de Dieu [&hellip;]<\/p>\n","protected":false},"author":2,"featured_media":0,"comment_status":"closed","ping_status":"closed","sticky":false,"template":"","format":"standard","meta":{"footnotes":""},"categories":[13,1261,26],"tags":[1533,830],"class_list":["post-18046","post","type-post","status-publish","format-standard","hentry","category-ecritures","category-enseignement-2","category-priere-des-ames","tag-hesychius-le-sinaite","tag-priere"],"_links":{"self":[{"href":"https:\/\/www.associationdemarie.org\/blog\/wp-json\/wp\/v2\/posts\/18046","targetHints":{"allow":["GET"]}}],"collection":[{"href":"https:\/\/www.associationdemarie.org\/blog\/wp-json\/wp\/v2\/posts"}],"about":[{"href":"https:\/\/www.associationdemarie.org\/blog\/wp-json\/wp\/v2\/types\/post"}],"author":[{"embeddable":true,"href":"https:\/\/www.associationdemarie.org\/blog\/wp-json\/wp\/v2\/users\/2"}],"replies":[{"embeddable":true,"href":"https:\/\/www.associationdemarie.org\/blog\/wp-json\/wp\/v2\/comments?post=18046"}],"version-history":[{"count":1,"href":"https:\/\/www.associationdemarie.org\/blog\/wp-json\/wp\/v2\/posts\/18046\/revisions"}],"predecessor-version":[{"id":18048,"href":"https:\/\/www.associationdemarie.org\/blog\/wp-json\/wp\/v2\/posts\/18046\/revisions\/18048"}],"wp:attachment":[{"href":"https:\/\/www.associationdemarie.org\/blog\/wp-json\/wp\/v2\/media?parent=18046"}],"wp:term":[{"taxonomy":"category","embeddable":true,"href":"https:\/\/www.associationdemarie.org\/blog\/wp-json\/wp\/v2\/categories?post=18046"},{"taxonomy":"post_tag","embeddable":true,"href":"https:\/\/www.associationdemarie.org\/blog\/wp-json\/wp\/v2\/tags?post=18046"}],"curies":[{"name":"wp","href":"https:\/\/api.w.org\/{rel}","templated":true}]}}