{"id":18042,"date":"2019-10-19T01:23:53","date_gmt":"2019-10-19T00:23:53","guid":{"rendered":"http:\/\/www.associationdemarie.org\/blog\/?p=18042"},"modified":"2019-10-05T05:25:37","modified_gmt":"2019-10-05T04:25:37","slug":"celui-qui-se-sera-prononce-pour-moi-devant-les-hommes-le-fils-de-lhomme-se-prononcera-pour-lui-devant-les-anges-2","status":"publish","type":"post","link":"https:\/\/www.associationdemarie.org\/blog\/celui-qui-se-sera-prononce-pour-moi-devant-les-hommes-le-fils-de-lhomme-se-prononcera-pour-lui-devant-les-anges-2\/","title":{"rendered":"\u00ab Celui qui se sera prononc\u00e9 pour moi devant les hommes, le Fils de l\u2019homme se prononcera pour lui devant les anges. \u00bb"},"content":{"rendered":"<p><img loading=\"lazy\" decoding=\"async\" class=\"aligncenter  wp-image-18043\" src=\"https:\/\/www.associationdemarie.org\/blog\/wp-content\/uploads\/2019\/10\/bd5ebbc06f43e91b16dbd761b7ee7bbe.gif\" alt=\"\" width=\"407\" height=\"305\" \/><\/p>\n<p>Je prends aujourd&rsquo;hui la plume pour que mes paroles, s&rsquo;estampant sur la feuille blanche, servent de louange perp\u00e9tuelle au Dieu b\u00e9ni, auteur de ma vie, de mon \u00e2me, de mon c\u0153ur. Je voudrais que l&rsquo;univers entier, avec les plan\u00e8tes, tous les astres et les innombrables syst\u00e8mes stellaires, soit une immense \u00e9tendue, polie et brillante, o\u00f9 je pourrais \u00e9crire le nom de Dieu. Je voudrais que ma voix soit plus puissante que mille tonnerres, et plus forte que le fracas de la mer, et plus terrible que le grondement des volcans, pour seulement dire : Dieu ! Je voudrais que mon c\u0153ur soit aussi grand que le ciel, pur comme celui des anges, simple comme celui de la colombe (Mt 10,16), pour y mettre Dieu ! Mais puisque toute cette grandeur dont tu r\u00eaves ne peut pas devenir r\u00e9alit\u00e9, contente-toi de peu et de toi-m\u00eame qui n&rsquo;es rien, fr\u00e8re Rapha\u00ebl, car le rien m\u00eame doit te suffire. (\u2026)<\/p>\n<p>Pourquoi se taire ? Pourquoi le cacher ? Pourquoi ne pas crier au monde entier et publier aux quatre vents les merveilles de Dieu ? Pourquoi ne pas dire aux gens et \u00e0 tous ceux qui veulent l&rsquo;entendre : voyez-vous ce que je suis ? Voyez-vous ce que j&rsquo;ai \u00e9t\u00e9 ? Voyez-vous ma mis\u00e8re se tra\u00eenant dans la boue ? Car peu importe ; \u00e9merveillez-vous : malgr\u00e9 tout \u00e7a, je poss\u00e8de Dieu. Dieu est mon ami ! Que le sol s&rsquo;effondre, et que la mer se dess\u00e8che de stupeur ! Dieu m&rsquo;aime, moi, d&rsquo;un tel amour que, si le monde entier le comprenait, toutes les cr\u00e9atures deviendraient folles et hurleraient de stupeur. Et encore, cela c&rsquo;est peu. Dieu m&rsquo;aime tellement que m\u00eame les anges n&rsquo;y comprennent rien ! (cf 1P 1,12)<\/p>\n<p>La mis\u00e9ricorde de Dieu est grande ! M&rsquo;aimer, moi ; \u00eatre mon ami, mon fr\u00e8re, mon p\u00e8re, mon ma\u00eetre. \u00catre Dieu, et moi, \u00eatre ce que je suis ! (&#8230;) Comment ne pas devenir fou ; comment est-il possible de vivre, manger, dormir, parler et traiter avec tout le monde ? (&#8230;) Comment est-il possible, Seigneur ! Je sais ; tu me l&rsquo;as expliqu\u00e9 : c&rsquo;est par le miracle de ta gr\u00e2ce.<\/p>\n<h3 class=\"GospelCommentaryAuthor-name commentary-author font-2\">Saint Rapha\u00ebl Arn\u00e1iz Bar\u00f3n (1911-1938)<\/h3>\n<p>&nbsp;<\/p>\n<p>&nbsp;<\/p>\n<p>&nbsp;<\/p>\n<p>&nbsp;<\/p>\n","protected":false},"excerpt":{"rendered":"<p>Je prends aujourd&rsquo;hui la plume pour que mes paroles, s&rsquo;estampant sur la feuille blanche, servent de louange perp\u00e9tuelle au Dieu b\u00e9ni, auteur de ma vie, de mon \u00e2me, de mon c\u0153ur. Je voudrais que l&rsquo;univers entier, avec les plan\u00e8tes, tous les astres et les innombrables syst\u00e8mes stellaires, soit une immense \u00e9tendue, polie et brillante, o\u00f9 [&hellip;]<\/p>\n","protected":false},"author":2,"featured_media":0,"comment_status":"closed","ping_status":"closed","sticky":false,"template":"","format":"standard","meta":{"footnotes":""},"categories":[13,1261],"tags":[592,1075],"class_list":["post-18042","post","type-post","status-publish","format-standard","hentry","category-ecritures","category-enseignement-2","tag-louange","tag-st-raphael-arnaiz-baron"],"_links":{"self":[{"href":"https:\/\/www.associationdemarie.org\/blog\/wp-json\/wp\/v2\/posts\/18042","targetHints":{"allow":["GET"]}}],"collection":[{"href":"https:\/\/www.associationdemarie.org\/blog\/wp-json\/wp\/v2\/posts"}],"about":[{"href":"https:\/\/www.associationdemarie.org\/blog\/wp-json\/wp\/v2\/types\/post"}],"author":[{"embeddable":true,"href":"https:\/\/www.associationdemarie.org\/blog\/wp-json\/wp\/v2\/users\/2"}],"replies":[{"embeddable":true,"href":"https:\/\/www.associationdemarie.org\/blog\/wp-json\/wp\/v2\/comments?post=18042"}],"version-history":[{"count":1,"href":"https:\/\/www.associationdemarie.org\/blog\/wp-json\/wp\/v2\/posts\/18042\/revisions"}],"predecessor-version":[{"id":18044,"href":"https:\/\/www.associationdemarie.org\/blog\/wp-json\/wp\/v2\/posts\/18042\/revisions\/18044"}],"wp:attachment":[{"href":"https:\/\/www.associationdemarie.org\/blog\/wp-json\/wp\/v2\/media?parent=18042"}],"wp:term":[{"taxonomy":"category","embeddable":true,"href":"https:\/\/www.associationdemarie.org\/blog\/wp-json\/wp\/v2\/categories?post=18042"},{"taxonomy":"post_tag","embeddable":true,"href":"https:\/\/www.associationdemarie.org\/blog\/wp-json\/wp\/v2\/tags?post=18042"}],"curies":[{"name":"wp","href":"https:\/\/api.w.org\/{rel}","templated":true}]}}