{"id":18039,"date":"2019-10-18T01:29:31","date_gmt":"2019-10-18T00:29:31","guid":{"rendered":"http:\/\/www.associationdemarie.org\/blog\/?p=18039"},"modified":"2019-10-04T05:31:21","modified_gmt":"2019-10-04T04:31:21","slug":"fete-de-saint-luc-evangeliste-2","status":"publish","type":"post","link":"https:\/\/www.associationdemarie.org\/blog\/fete-de-saint-luc-evangeliste-2\/","title":{"rendered":"F\u00eate de saint Luc, \u00e9vang\u00e9liste"},"content":{"rendered":"<p><img loading=\"lazy\" decoding=\"async\" class=\"aligncenter size-full wp-image-18040\" src=\"https:\/\/www.associationdemarie.org\/blog\/wp-content\/uploads\/2019\/10\/20835970.jpg\" alt=\"\" width=\"394\" height=\"500\" srcset=\"https:\/\/www.associationdemarie.org\/blog\/wp-content\/uploads\/2019\/10\/20835970.jpg 394w, https:\/\/www.associationdemarie.org\/blog\/wp-content\/uploads\/2019\/10\/20835970-236x300.jpg 236w\" sizes=\"auto, (max-width: 394px) 100vw, 394px\" \/><\/p>\n<p>Parmi toutes les \u00c9critures, m\u00eame le Nouveau Testament, les \u00e9vangiles l&#8217;emportent \u00e0 juste titre, du fait qu&rsquo;ils sont le t\u00e9moignage principal sur la vie et l&rsquo;enseignement du Verbe incarn\u00e9, notre Sauveur. Que les quatre \u00e9vangiles aient une origine apostolique, l&rsquo;\u00c9glise partout et toujours l&rsquo;a affirm\u00e9 et l&rsquo;affirme. Ce que les ap\u00f4tres ont pr\u00each\u00e9 sur l&rsquo;ordre du Christ, plus tard, eux-m\u00eames et des hommes apostoliques nous l&rsquo;ont transmis, sous l&rsquo;inspiration de l&rsquo;Esprit divin, dans des \u00e9crits qui sont le fondement de notre foi, c&rsquo;est-\u00e0-dire l&rsquo;\u00c9vangile \u00e0 quatre formes, selon Matthieu, Marc, Luc et Jean.<\/p>\n<p>De fa\u00e7on ferme et absolument constante, la sainte M\u00e8re \u00c9glise a affirm\u00e9 et affirme, que les quatre \u00e9vangiles \u00e9num\u00e9r\u00e9s, dont elle atteste sans h\u00e9siter l&rsquo;historicit\u00e9, transmettent fid\u00e8lement ce que J\u00e9sus le Fils de Dieu, pendant qu&rsquo;il vivait parmi les hommes, a r\u00e9ellement fait et enseign\u00e9 en vue de leur salut \u00e9ternel, jusqu&rsquo;au jour o\u00f9 il fut enlev\u00e9 au ciel (Ac 1,1-2). Apr\u00e8s l&rsquo;Ascension du Seigneur, les ap\u00f4tres ont transmis \u00e0 leurs auditeurs ce que J\u00e9sus avait dit et fait, avec cette intelligence plus profonde dont ils jouissaient eux-m\u00eames, instruits qu&rsquo;ils \u00e9taient par les \u00e9v\u00e9nements glorieux du Christ et enseign\u00e9s par la lumi\u00e8re de l&rsquo;Esprit de v\u00e9rit\u00e9 (Jn 14,26).<\/p>\n<p>Les auteurs sacr\u00e9s ont compos\u00e9 les quatre \u00e9vangiles, en triant certains d\u00e9tails entre beaucoup de ceux que la parole ou d\u00e9j\u00e0 l&rsquo;\u00e9criture avait transmis, en en faisant entrer quelques-uns en une synth\u00e8se, ou en les exposant en tenant compte de l&rsquo;\u00e9tat des \u00e9glises, en gardant enfin la forme d&rsquo;une proclamation, afin de pouvoir ainsi toujours nous communiquer des choses vraies et authentiques sur J\u00e9sus. Ils les ont \u00e9crits dans cette intention, soit d&rsquo;apr\u00e8s leur propre m\u00e9moire, leurs propres souvenirs, soit d&rsquo;apr\u00e8s le t\u00e9moignage de ceux \u00ab\u00a0qui furent d\u00e8s le d\u00e9but t\u00e9moins oculaires et serviteurs de la Parole\u00a0\u00bb, afin que nous \u00ab\u00a0connaissions la v\u00e9rit\u00e9 des enseignements que nous avons re\u00e7us\u00a0\u00bb (Lc 1,1-2).<\/p>\n<h3 class=\"GospelCommentaryAuthor-name commentary-author font-2\">Concile Vatican II<\/h3>\n<p>&nbsp;<\/p>\n<p>&nbsp;<\/p>\n<p>&nbsp;<\/p>\n<p>&nbsp;<\/p>\n","protected":false},"excerpt":{"rendered":"<p>Parmi toutes les \u00c9critures, m\u00eame le Nouveau Testament, les \u00e9vangiles l&#8217;emportent \u00e0 juste titre, du fait qu&rsquo;ils sont le t\u00e9moignage principal sur la vie et l&rsquo;enseignement du Verbe incarn\u00e9, notre Sauveur. Que les quatre \u00e9vangiles aient une origine apostolique, l&rsquo;\u00c9glise partout et toujours l&rsquo;a affirm\u00e9 et l&rsquo;affirme. Ce que les ap\u00f4tres ont pr\u00each\u00e9 sur l&rsquo;ordre [&hellip;]<\/p>\n","protected":false},"author":2,"featured_media":0,"comment_status":"closed","ping_status":"closed","sticky":false,"template":"","format":"standard","meta":{"footnotes":""},"categories":[3,4,13,28],"tags":[388,942,1055,1174],"class_list":["post-18039","post","type-post","status-publish","format-standard","hentry","category-liturgique","category-iconographie","category-ecritures","category-saints-et-saintes","tag-evangeliste","tag-saintes-ecritures","tag-st-luc","tag-vatican-2"],"_links":{"self":[{"href":"https:\/\/www.associationdemarie.org\/blog\/wp-json\/wp\/v2\/posts\/18039","targetHints":{"allow":["GET"]}}],"collection":[{"href":"https:\/\/www.associationdemarie.org\/blog\/wp-json\/wp\/v2\/posts"}],"about":[{"href":"https:\/\/www.associationdemarie.org\/blog\/wp-json\/wp\/v2\/types\/post"}],"author":[{"embeddable":true,"href":"https:\/\/www.associationdemarie.org\/blog\/wp-json\/wp\/v2\/users\/2"}],"replies":[{"embeddable":true,"href":"https:\/\/www.associationdemarie.org\/blog\/wp-json\/wp\/v2\/comments?post=18039"}],"version-history":[{"count":2,"href":"https:\/\/www.associationdemarie.org\/blog\/wp-json\/wp\/v2\/posts\/18039\/revisions"}],"predecessor-version":[{"id":18045,"href":"https:\/\/www.associationdemarie.org\/blog\/wp-json\/wp\/v2\/posts\/18039\/revisions\/18045"}],"wp:attachment":[{"href":"https:\/\/www.associationdemarie.org\/blog\/wp-json\/wp\/v2\/media?parent=18039"}],"wp:term":[{"taxonomy":"category","embeddable":true,"href":"https:\/\/www.associationdemarie.org\/blog\/wp-json\/wp\/v2\/categories?post=18039"},{"taxonomy":"post_tag","embeddable":true,"href":"https:\/\/www.associationdemarie.org\/blog\/wp-json\/wp\/v2\/tags?post=18039"}],"curies":[{"name":"wp","href":"https:\/\/api.w.org\/{rel}","templated":true}]}}