{"id":18011,"date":"2019-10-09T01:07:37","date_gmt":"2019-10-09T00:07:37","guid":{"rendered":"http:\/\/www.associationdemarie.org\/blog\/?p=18011"},"modified":"2019-09-27T07:09:04","modified_gmt":"2019-09-27T06:09:04","slug":"excellence-de-la-priere-du-notre-pere","status":"publish","type":"post","link":"https:\/\/www.associationdemarie.org\/blog\/excellence-de-la-priere-du-notre-pere\/","title":{"rendered":"Excellence de la pri\u00e8re du Notre P\u00e8re"},"content":{"rendered":"<p><img loading=\"lazy\" decoding=\"async\" class=\"aligncenter  wp-image-18012\" src=\"https:\/\/www.associationdemarie.org\/blog\/wp-content\/uploads\/2019\/09\/5d3f4847c7a89.jpg\" alt=\"\" width=\"462\" height=\"312\" srcset=\"https:\/\/www.associationdemarie.org\/blog\/wp-content\/uploads\/2019\/09\/5d3f4847c7a89.jpg 770w, https:\/\/www.associationdemarie.org\/blog\/wp-content\/uploads\/2019\/09\/5d3f4847c7a89-300x203.jpg 300w, https:\/\/www.associationdemarie.org\/blog\/wp-content\/uploads\/2019\/09\/5d3f4847c7a89-768x519.jpg 768w\" sizes=\"auto, (max-width: 462px) 100vw, 462px\" \/><\/p>\n<p>Le Pater, ou l\u2019Oraison dominicale, tire sa premi\u00e8re excellence de son auteur, qui n\u2019est pas un homme ou un ange, mais le Roi des anges et des hommes, J\u00e9sus-Christ. Il \u00e9tait n\u00e9cessaire, dit Saint Cyprien, que Celui qui venait nous donner la vie de la gr\u00e2ce comme Sauveur, nous enseign\u00e2t la mani\u00e8re de prier comme Ma\u00eetre c\u00e9leste.<\/p>\n<p>La sagesse de ce divin Ma\u00eetre para\u00eet bien dans l\u2019ordre, la douceur, la force et la clart\u00e9 de cette divine pri\u00e8re\u00a0; elle est courte, mais elle est riche en instructions, intelligible pour les simples et remplie de myst\u00e8res pour les savants. Le Pater renferme tous les devoirs que nous devons rendre \u00e0 Dieu, les actes de toutes les vertus, et les demandes de tous nos besoins spirituels et corporels. Elle contient, dit Tertullien, l\u2019abr\u00e9g\u00e9 de l\u2019\u00c9vangile. Elle surpasse, dit Thomas a Kempis, tous les d\u00e9sirs des saints\u00a0; elle contient en abr\u00e9g\u00e9 toutes les douces sentences des psaumes et des cantiques\u00a0; elle demande tout ce qui nous est n\u00e9cessaire\u00a0; elle loue Dieu d\u2019une mani\u00e8re excellente\u00a0; elle \u00e9l\u00e8ve l\u2019\u00e2me de la terre au ciel et l\u2019unit \u00e9troitement avec Dieu.<\/p>\n<p>Nous devons r\u00e9citer l\u2019Oraison dominicale avec certitude que le P\u00e8re \u00e9ternel l\u2019exaucera, puisqu\u2019elle est la pri\u00e8re de son Fils qu\u2019il exauce toujours, et que nous sommes ses membres\u00a0; car que peut refuser un si bon P\u00e8re \u00e0 une requ\u00eate si bien con\u00e7ue et appuy\u00e9e sur les m\u00e9rites et la recommandation d\u2019un si digne Fils\u00a0?<\/p>\n<h3 class=\"GospelCommentaryAuthor-name commentary-author font-2\">Saint Louis-Marie Grignion de Montfort (1673-1716)<\/h3>\n<p>&nbsp;<\/p>\n<p>&nbsp;<\/p>\n<p>&nbsp;<\/p>\n<p>&nbsp;<\/p>\n","protected":false},"excerpt":{"rendered":"<p>Le Pater, ou l\u2019Oraison dominicale, tire sa premi\u00e8re excellence de son auteur, qui n\u2019est pas un homme ou un ange, mais le Roi des anges et des hommes, J\u00e9sus-Christ. Il \u00e9tait n\u00e9cessaire, dit Saint Cyprien, que Celui qui venait nous donner la vie de la gr\u00e2ce comme Sauveur, nous enseign\u00e2t la mani\u00e8re de prier comme [&hellip;]<\/p>\n","protected":false},"author":2,"featured_media":0,"comment_status":"closed","ping_status":"closed","sticky":false,"template":"","format":"standard","meta":{"footnotes":""},"categories":[13,1261,26,27],"tags":[719,830,1054],"class_list":["post-18011","post","type-post","status-publish","format-standard","hentry","category-ecritures","category-enseignement-2","category-priere-des-ames","category-prieres","tag-notre-pere","tag-priere","tag-st-louis-marie-grignion-de-montfort"],"_links":{"self":[{"href":"https:\/\/www.associationdemarie.org\/blog\/wp-json\/wp\/v2\/posts\/18011","targetHints":{"allow":["GET"]}}],"collection":[{"href":"https:\/\/www.associationdemarie.org\/blog\/wp-json\/wp\/v2\/posts"}],"about":[{"href":"https:\/\/www.associationdemarie.org\/blog\/wp-json\/wp\/v2\/types\/post"}],"author":[{"embeddable":true,"href":"https:\/\/www.associationdemarie.org\/blog\/wp-json\/wp\/v2\/users\/2"}],"replies":[{"embeddable":true,"href":"https:\/\/www.associationdemarie.org\/blog\/wp-json\/wp\/v2\/comments?post=18011"}],"version-history":[{"count":1,"href":"https:\/\/www.associationdemarie.org\/blog\/wp-json\/wp\/v2\/posts\/18011\/revisions"}],"predecessor-version":[{"id":18013,"href":"https:\/\/www.associationdemarie.org\/blog\/wp-json\/wp\/v2\/posts\/18011\/revisions\/18013"}],"wp:attachment":[{"href":"https:\/\/www.associationdemarie.org\/blog\/wp-json\/wp\/v2\/media?parent=18011"}],"wp:term":[{"taxonomy":"category","embeddable":true,"href":"https:\/\/www.associationdemarie.org\/blog\/wp-json\/wp\/v2\/categories?post=18011"},{"taxonomy":"post_tag","embeddable":true,"href":"https:\/\/www.associationdemarie.org\/blog\/wp-json\/wp\/v2\/tags?post=18011"}],"curies":[{"name":"wp","href":"https:\/\/api.w.org\/{rel}","templated":true}]}}