{"id":18005,"date":"2019-10-07T01:57:45","date_gmt":"2019-10-07T00:57:45","guid":{"rendered":"http:\/\/www.associationdemarie.org\/blog\/?p=18005"},"modified":"2019-09-26T07:59:00","modified_gmt":"2019-09-26T06:59:00","slug":"lequel-des-trois-a-ete-le-prochain-de-lhomme-tombe-entre-les-mains-des-bandits","status":"publish","type":"post","link":"https:\/\/www.associationdemarie.org\/blog\/lequel-des-trois-a-ete-le-prochain-de-lhomme-tombe-entre-les-mains-des-bandits\/","title":{"rendered":"\u00ab Lequel des trois (\u2026) a \u00e9t\u00e9 le prochain de l\u2019homme tomb\u00e9 entre les mains des bandits ? \u00bb"},"content":{"rendered":"<p><img loading=\"lazy\" decoding=\"async\" class=\"aligncenter size-full wp-image-18006\" src=\"https:\/\/www.associationdemarie.org\/blog\/wp-content\/uploads\/2019\/09\/le-bon-samaritain-450.jpg\" alt=\"\" width=\"450\" height=\"330\" srcset=\"https:\/\/www.associationdemarie.org\/blog\/wp-content\/uploads\/2019\/09\/le-bon-samaritain-450.jpg 450w, https:\/\/www.associationdemarie.org\/blog\/wp-content\/uploads\/2019\/09\/le-bon-samaritain-450-300x220.jpg 300w\" sizes=\"auto, (max-width: 450px) 100vw, 450px\" \/><\/p>\n<p>La parabole du bon Samaritain permet de faire deux grandes clarifications. Tandis que le concept de \u00ab prochain \u00bb se r\u00e9f\u00e9rait jusqu&rsquo;alors essentiellement aux membres de la m\u00eame nation et aux \u00e9trangers qui s&rsquo;\u00e9taient \u00e9tablis dans la terre d&rsquo;Isra\u00ebl, et donc \u00e0 la communaut\u00e9 solidaire d&rsquo;un pays et d&rsquo;un peuple, cette limitation est d\u00e9sormais abolie. Celui qui a besoin de moi et que je peux aider, celui-l\u00e0 est mon prochain.<\/p>\n<p>Le concept de prochain est universalis\u00e9 et reste cependant concret. Bien qu&rsquo;il soit \u00e9tendu \u00e0 tous les hommes, il ne se r\u00e9duit pas \u00e0 l&rsquo;expression d&rsquo;un amour g\u00e9n\u00e9rique et abstrait, qui en lui-m\u00eame engage peu, mais il requiert mon engagement concret ici et maintenant. Cela demeure une t\u00e2che de l&rsquo;\u00c9glise d&rsquo;interpr\u00e9ter toujours de nouveau le lien entre \u00e9loignement et proximit\u00e9 pour la vie pratique de ses membres.<\/p>\n<p>Il convient particuli\u00e8rement de rappeler ici la grande parabole du Jugement dernier (Mt 25,31-46), dans laquelle l&rsquo;amour devient le crit\u00e8re pour la d\u00e9cision d\u00e9finitive concernant la valeur ou la non-valeur d&rsquo;une vie humaine. J\u00e9sus s&rsquo;identifie \u00e0 ceux qui sont dans le besoin : les affam\u00e9s, les assoiff\u00e9s, les \u00e9trangers, ceux qui sont nus, les malades, les personnes qui sont en prison. \u00ab Chaque fois que vous l&rsquo;avez fait \u00e0 l&rsquo;un de ces petits, qui sont mes fr\u00e8res, c&rsquo;est \u00e0 moi que vous l&rsquo;avez fait \u00bb (v. 40). L&rsquo;amour de Dieu et l&rsquo;amour du prochain se fondent l&rsquo;un dans l&rsquo;autre.<\/p>\n<h3 class=\"GospelCommentaryAuthor-name commentary-author font-2\">Beno\u00eet XVI<\/h3>\n<p>&nbsp;<\/p>\n<p>&nbsp;<\/p>\n<p>&nbsp;<\/p>\n<p>&nbsp;<\/p>\n<p>&nbsp;<\/p>\n","protected":false},"excerpt":{"rendered":"<p>La parabole du bon Samaritain permet de faire deux grandes clarifications. Tandis que le concept de \u00ab prochain \u00bb se r\u00e9f\u00e9rait jusqu&rsquo;alors essentiellement aux membres de la m\u00eame nation et aux \u00e9trangers qui s&rsquo;\u00e9taient \u00e9tablis dans la terre d&rsquo;Isra\u00ebl, et donc \u00e0 la communaut\u00e9 solidaire d&rsquo;un pays et d&rsquo;un peuple, cette limitation est d\u00e9sormais abolie. [&hellip;]<\/p>\n","protected":false},"author":2,"featured_media":0,"comment_status":"closed","ping_status":"closed","sticky":false,"template":"","format":"standard","meta":{"footnotes":""},"categories":[13,1261],"tags":[142,164,837],"class_list":["post-18005","post","type-post","status-publish","format-standard","hentry","category-ecritures","category-enseignement-2","tag-benoit-16","tag-bon-samaritain","tag-prochain"],"_links":{"self":[{"href":"https:\/\/www.associationdemarie.org\/blog\/wp-json\/wp\/v2\/posts\/18005","targetHints":{"allow":["GET"]}}],"collection":[{"href":"https:\/\/www.associationdemarie.org\/blog\/wp-json\/wp\/v2\/posts"}],"about":[{"href":"https:\/\/www.associationdemarie.org\/blog\/wp-json\/wp\/v2\/types\/post"}],"author":[{"embeddable":true,"href":"https:\/\/www.associationdemarie.org\/blog\/wp-json\/wp\/v2\/users\/2"}],"replies":[{"embeddable":true,"href":"https:\/\/www.associationdemarie.org\/blog\/wp-json\/wp\/v2\/comments?post=18005"}],"version-history":[{"count":1,"href":"https:\/\/www.associationdemarie.org\/blog\/wp-json\/wp\/v2\/posts\/18005\/revisions"}],"predecessor-version":[{"id":18007,"href":"https:\/\/www.associationdemarie.org\/blog\/wp-json\/wp\/v2\/posts\/18005\/revisions\/18007"}],"wp:attachment":[{"href":"https:\/\/www.associationdemarie.org\/blog\/wp-json\/wp\/v2\/media?parent=18005"}],"wp:term":[{"taxonomy":"category","embeddable":true,"href":"https:\/\/www.associationdemarie.org\/blog\/wp-json\/wp\/v2\/categories?post=18005"},{"taxonomy":"post_tag","embeddable":true,"href":"https:\/\/www.associationdemarie.org\/blog\/wp-json\/wp\/v2\/tags?post=18005"}],"curies":[{"name":"wp","href":"https:\/\/api.w.org\/{rel}","templated":true}]}}