{"id":18002,"date":"2019-10-06T01:31:04","date_gmt":"2019-10-06T00:31:04","guid":{"rendered":"http:\/\/www.associationdemarie.org\/blog\/?p=18002"},"modified":"2019-09-25T13:32:32","modified_gmt":"2019-09-25T12:32:32","slug":"nous-sommes-des-serviteurs-quelconques-3","status":"publish","type":"post","link":"https:\/\/www.associationdemarie.org\/blog\/nous-sommes-des-serviteurs-quelconques-3\/","title":{"rendered":"\u00ab Nous sommes des serviteurs quelconques. \u00bb"},"content":{"rendered":"<p><img loading=\"lazy\" decoding=\"async\" class=\"aligncenter  wp-image-18003\" src=\"https:\/\/www.associationdemarie.org\/blog\/wp-content\/uploads\/2019\/09\/fr-evangile-illustre-2015-06-14.jpg\" alt=\"\" width=\"461\" height=\"276\" srcset=\"https:\/\/www.associationdemarie.org\/blog\/wp-content\/uploads\/2019\/09\/fr-evangile-illustre-2015-06-14.jpg 680w, https:\/\/www.associationdemarie.org\/blog\/wp-content\/uploads\/2019\/09\/fr-evangile-illustre-2015-06-14-300x180.jpg 300w\" sizes=\"auto, (max-width: 461px) 100vw, 461px\" \/><\/p>\n<p>Moi qui \u00e9tais d&rsquo;abord un rustre fugitif et sans instruction, moi \u00ab qui ne sais pas pr\u00e9voir l&rsquo;avenir \u00bb, je sais cependant une chose avec certitude : c&rsquo;est qu&rsquo;\u00ab avant d&rsquo;\u00eatre humili\u00e9 \u00bb j&rsquo;\u00e9tais comme une pierre gisant dans une boue profonde. Mais il est venu, \u00ab celui qui est puissant \u00bb, et dans sa mis\u00e9ricorde il m&rsquo;a pris ; il m&rsquo;a hiss\u00e9 vraiment bien haut et m&rsquo;a plac\u00e9 au sommet du mur. C&rsquo;est pourquoi je devrais \u00e9lever la voix tr\u00e8s fort, afin de rendre quelque chose au Seigneur pour ses bienfaits ici-bas et dans l&rsquo;\u00e9ternit\u00e9, bienfaits si grands que l&rsquo;esprit des hommes ne peut pas les compter.<\/p>\n<p>Soyez donc dans l&rsquo;admiration, \u00ab grands et petits qui craignez Dieu \u00bb ; et vous, seigneurs et beaux parleurs, \u00e9coutez et examinez attentivement. Qui m&rsquo;a suscit\u00e9, moi l&rsquo;insens\u00e9, du milieu de ceux qui passent pour sages, experts de la loi, \u00ab puissants en paroles \u00bb et en toutes choses ? Qui m&rsquo;a inspir\u00e9 plus que d&rsquo;autres, moi le rebut de ce monde, pour que \u00ab dans la crainte et le respect \u00bb (\u2026) je fasse loyalement du bien au peuple vers lequel l&rsquo;amour du Christ m&rsquo;a port\u00e9 et \u00e0 qui il m&rsquo;a donn\u00e9, pour que, si j&rsquo;en suis digne, je le serve toute ma vie avec humilit\u00e9 et v\u00e9rit\u00e9 ?<\/p>\n<p>C&rsquo;est pourquoi, \u00ab selon la mesure de ma foi \u00bb en la Trinit\u00e9, je dois reconna\u00eetre et (\u2026) proclamer le don de Dieu et sa \u00ab consolation \u00e9ternelle \u00bb. Je dois r\u00e9pandre sans crainte mais avec confiance le nom de Dieu en tout lieu, afin que, m\u00eame apr\u00e8s ma mort, je laisse un h\u00e9ritage \u00e0 mes fr\u00e8res et \u00e0 mes enfants, \u00e0 tant de milliers d&rsquo;hommes que j&rsquo;ai baptis\u00e9s dans le Seigneur.<\/p>\n<h3 class=\"GospelCommentaryAuthor-name commentary-author font-2\">Saint Patrick (v. 385-v. 461)<\/h3>\n<p>(R\u00e9f\u00e9rences bibliques : Eccl 4,13 Vulg; Ps 118,67; Lc 1,49; Ap 19,5; Lc 24,19; He 12,28; Rm 12,6; 2Th 2,16)<\/p>\n<p>&nbsp;<\/p>\n<p>&nbsp;<\/p>\n<p>&nbsp;<\/p>\n<p>&nbsp;<\/p>\n<p>&nbsp;<\/p>\n","protected":false},"excerpt":{"rendered":"<p>Moi qui \u00e9tais d&rsquo;abord un rustre fugitif et sans instruction, moi \u00ab qui ne sais pas pr\u00e9voir l&rsquo;avenir \u00bb, je sais cependant une chose avec certitude : c&rsquo;est qu&rsquo;\u00ab avant d&rsquo;\u00eatre humili\u00e9 \u00bb j&rsquo;\u00e9tais comme une pierre gisant dans une boue profonde. Mais il est venu, \u00ab celui qui est puissant \u00bb, et dans sa [&hellip;]<\/p>\n","protected":false},"author":2,"featured_media":0,"comment_status":"closed","ping_status":"closed","sticky":false,"template":"","format":"standard","meta":{"footnotes":""},"categories":[13,1261,16],"tags":[425,1282],"class_list":["post-18002","post","type-post","status-publish","format-standard","hentry","category-ecritures","category-enseignement-2","category-jardins-de-la-bible","tag-foi","tag-st-patrick"],"_links":{"self":[{"href":"https:\/\/www.associationdemarie.org\/blog\/wp-json\/wp\/v2\/posts\/18002","targetHints":{"allow":["GET"]}}],"collection":[{"href":"https:\/\/www.associationdemarie.org\/blog\/wp-json\/wp\/v2\/posts"}],"about":[{"href":"https:\/\/www.associationdemarie.org\/blog\/wp-json\/wp\/v2\/types\/post"}],"author":[{"embeddable":true,"href":"https:\/\/www.associationdemarie.org\/blog\/wp-json\/wp\/v2\/users\/2"}],"replies":[{"embeddable":true,"href":"https:\/\/www.associationdemarie.org\/blog\/wp-json\/wp\/v2\/comments?post=18002"}],"version-history":[{"count":1,"href":"https:\/\/www.associationdemarie.org\/blog\/wp-json\/wp\/v2\/posts\/18002\/revisions"}],"predecessor-version":[{"id":18004,"href":"https:\/\/www.associationdemarie.org\/blog\/wp-json\/wp\/v2\/posts\/18002\/revisions\/18004"}],"wp:attachment":[{"href":"https:\/\/www.associationdemarie.org\/blog\/wp-json\/wp\/v2\/media?parent=18002"}],"wp:term":[{"taxonomy":"category","embeddable":true,"href":"https:\/\/www.associationdemarie.org\/blog\/wp-json\/wp\/v2\/categories?post=18002"},{"taxonomy":"post_tag","embeddable":true,"href":"https:\/\/www.associationdemarie.org\/blog\/wp-json\/wp\/v2\/tags?post=18002"}],"curies":[{"name":"wp","href":"https:\/\/api.w.org\/{rel}","templated":true}]}}