{"id":17996,"date":"2019-10-04T01:57:29","date_gmt":"2019-10-04T00:57:29","guid":{"rendered":"http:\/\/www.associationdemarie.org\/blog\/?p=17996"},"modified":"2019-09-24T16:00:50","modified_gmt":"2019-09-24T15:00:50","slug":"ecoute-mon-peuple-je-tadjure-moi-ton-dieu-ps-497","status":"publish","type":"post","link":"https:\/\/www.associationdemarie.org\/blog\/ecoute-mon-peuple-je-tadjure-moi-ton-dieu-ps-497\/","title":{"rendered":"\u00ab \u00c9coute, mon peuple (&#8230;) ; je t&rsquo;adjure, moi ton Dieu. \u00bb (Ps 49,7)"},"content":{"rendered":"<p><img loading=\"lazy\" decoding=\"async\" class=\"aligncenter  wp-image-17997\" src=\"https:\/\/www.associationdemarie.org\/blog\/wp-content\/uploads\/2019\/09\/ob_1f2ce0_adorer-dieu.jpg\" alt=\"\" width=\"449\" height=\"299\" srcset=\"https:\/\/www.associationdemarie.org\/blog\/wp-content\/uploads\/2019\/09\/ob_1f2ce0_adorer-dieu.jpg 850w, https:\/\/www.associationdemarie.org\/blog\/wp-content\/uploads\/2019\/09\/ob_1f2ce0_adorer-dieu-300x200.jpg 300w, https:\/\/www.associationdemarie.org\/blog\/wp-content\/uploads\/2019\/09\/ob_1f2ce0_adorer-dieu-768x512.jpg 768w\" sizes=\"auto, (max-width: 449px) 100vw, 449px\" \/><\/p>\n<p>\u00ab\u00a0Aujourd&rsquo;hui, si vous entendez sa voix, n&rsquo;endurcissez pas vos c\u0153urs comme aux jours dans le d\u00e9sert, o\u00f9 vos p\u00e8res m&rsquo;ont mis \u00e0 l&rsquo;\u00e9preuve. (&#8230;) Jamais ils n&rsquo;entreront dans mon repos\u00a0\u00bb (Ps 94,7-11). La gr\u00e2ce de la promesse de Dieu est abondante, si aujourd&rsquo;hui nous \u00e9coutons sa voix, car cet aujourd&rsquo;hui s&rsquo;\u00e9tend \u00e0 chaque jour nouveau aussi longtemps qu&rsquo;on dira \u00ab\u00a0aujourd&rsquo;hui\u00a0\u00bb. Cet aujourd&rsquo;hui demeure jusqu&rsquo;\u00e0 la fin des temps, ainsi que la possibilit\u00e9 d&rsquo;apprendre. A ce moment-l\u00e0 le v\u00e9ritable aujourd&rsquo;hui, le jour sans fin de Dieu, se confondra avec l&rsquo;\u00e9ternit\u00e9. Ob\u00e9issons donc toujours \u00e0 la voix du Verbe divin, la Parole de Dieu faite chair, car l&rsquo;aujourd&rsquo;hui de toujours est l&rsquo;image de l&rsquo;\u00e9ternit\u00e9 et le jour est le symbole de la lumi\u00e8re\u00a0; or le Verbe est pour les hommes la lumi\u00e8re (Jn 1,9) dans laquelle nous voyons Dieu.<\/p>\n<p>Il est donc naturel que la gr\u00e2ce surabonde pour ceux qui ont cru et ob\u00e9i, mais contre ceux qui ont \u00e9t\u00e9 incr\u00e9dules (&#8230;), qui n&rsquo;ont pas reconnu les voies du Seigneur (&#8230;), il est naturel que Dieu soit irrit\u00e9 contre eux et qu&rsquo;il les menace. (&#8230;) Ainsi les H\u00e9breux ont err\u00e9 dans le d\u00e9sert\u00a0; ils ne sont pas entr\u00e9s dans le lieu du repos \u00e0 cause de leur incr\u00e9dulit\u00e9. (&#8230;)<\/p>\n<p>Parce qu&rsquo;il aime les hommes, le Seigneur les invite tous \u00ab\u00a0\u00e0 la connaissance de la v\u00e9rit\u00e9\u00a0\u00bb (1Tm 2,4), et il leur envoie l&rsquo;Esprit Saint, le Paraclet. (&#8230;) \u00c9coutez donc, vous qui \u00eates loin et vous qui \u00eates proches (Ep 2,17). Le Verbe ne se cache de personne. Il est notre lumi\u00e8re commune, il brille pour tous les hommes. H\u00e2tons-nous donc vers le salut, vers la nouvelle naissance. H\u00e2tons-nous de nous r\u00e9unir nombreux dans un seul troupeau, dans l&rsquo;unit\u00e9 de l&rsquo;amour. Et cette multitude de voix (&#8230;), ob\u00e9issant \u00e0 un seul ma\u00eetre, le Verbe, trouvera son repos en la V\u00e9rit\u00e9 m\u00eame et pourra dire \u00ab Abba, P\u00e8re\u00a0\u00bb (Rm 8,15).<\/p>\n<h3 class=\"GospelCommentaryAuthor-name commentary-author font-2\">Saint Cl\u00e9ment d&rsquo;Alexandrie (150-v. 215)<\/h3>\n<p>&nbsp;<\/p>\n<p>&nbsp;<\/p>\n<p>&nbsp;<\/p>\n","protected":false},"excerpt":{"rendered":"<p>\u00ab\u00a0Aujourd&rsquo;hui, si vous entendez sa voix, n&rsquo;endurcissez pas vos c\u0153urs comme aux jours dans le d\u00e9sert, o\u00f9 vos p\u00e8res m&rsquo;ont mis \u00e0 l&rsquo;\u00e9preuve. (&#8230;) Jamais ils n&rsquo;entreront dans mon repos\u00a0\u00bb (Ps 94,7-11). La gr\u00e2ce de la promesse de Dieu est abondante, si aujourd&rsquo;hui nous \u00e9coutons sa voix, car cet aujourd&rsquo;hui s&rsquo;\u00e9tend \u00e0 chaque jour nouveau [&hellip;]<\/p>\n","protected":false},"author":2,"featured_media":0,"comment_status":"closed","ping_status":"closed","sticky":false,"template":"","format":"standard","meta":{"footnotes":""},"categories":[13,1261],"tags":[297,765,1021,1179],"class_list":["post-17996","post","type-post","status-publish","format-standard","hentry","category-ecritures","category-enseignement-2","tag-dieu-le-pere","tag-paraclet","tag-st-clement","tag-verbe"],"_links":{"self":[{"href":"https:\/\/www.associationdemarie.org\/blog\/wp-json\/wp\/v2\/posts\/17996","targetHints":{"allow":["GET"]}}],"collection":[{"href":"https:\/\/www.associationdemarie.org\/blog\/wp-json\/wp\/v2\/posts"}],"about":[{"href":"https:\/\/www.associationdemarie.org\/blog\/wp-json\/wp\/v2\/types\/post"}],"author":[{"embeddable":true,"href":"https:\/\/www.associationdemarie.org\/blog\/wp-json\/wp\/v2\/users\/2"}],"replies":[{"embeddable":true,"href":"https:\/\/www.associationdemarie.org\/blog\/wp-json\/wp\/v2\/comments?post=17996"}],"version-history":[{"count":1,"href":"https:\/\/www.associationdemarie.org\/blog\/wp-json\/wp\/v2\/posts\/17996\/revisions"}],"predecessor-version":[{"id":17998,"href":"https:\/\/www.associationdemarie.org\/blog\/wp-json\/wp\/v2\/posts\/17996\/revisions\/17998"}],"wp:attachment":[{"href":"https:\/\/www.associationdemarie.org\/blog\/wp-json\/wp\/v2\/media?parent=17996"}],"wp:term":[{"taxonomy":"category","embeddable":true,"href":"https:\/\/www.associationdemarie.org\/blog\/wp-json\/wp\/v2\/categories?post=17996"},{"taxonomy":"post_tag","embeddable":true,"href":"https:\/\/www.associationdemarie.org\/blog\/wp-json\/wp\/v2\/tags?post=17996"}],"curies":[{"name":"wp","href":"https:\/\/api.w.org\/{rel}","templated":true}]}}