{"id":17993,"date":"2019-10-03T01:43:08","date_gmt":"2019-10-03T00:43:08","guid":{"rendered":"http:\/\/www.associationdemarie.org\/blog\/?p=17993"},"modified":"2019-09-24T08:44:46","modified_gmt":"2019-09-24T07:44:46","slug":"apres-lenvoi-des-douze-lc-92-lenvoi-des-soixante-douze","status":"publish","type":"post","link":"https:\/\/www.associationdemarie.org\/blog\/apres-lenvoi-des-douze-lc-92-lenvoi-des-soixante-douze\/","title":{"rendered":"Apr\u00e8s l&rsquo;envoi des Douze (Lc 9,2), l&rsquo;envoi des soixante-douze"},"content":{"rendered":"<p><img loading=\"lazy\" decoding=\"async\" class=\"aligncenter  wp-image-17994\" src=\"https:\/\/www.associationdemarie.org\/blog\/wp-content\/uploads\/2019\/09\/12-d.jpg\" alt=\"\" width=\"437\" height=\"328\" srcset=\"https:\/\/www.associationdemarie.org\/blog\/wp-content\/uploads\/2019\/09\/12-d.jpg 543w, https:\/\/www.associationdemarie.org\/blog\/wp-content\/uploads\/2019\/09\/12-d-300x225.jpg 300w\" sizes=\"auto, (max-width: 437px) 100vw, 437px\" \/><\/p>\n<p>L&rsquo;\u00c9glise est faite pour \u00e9tendre le r\u00e8gne du Christ \u00e0 toute la terre, pour la gloire de Dieu le P\u00e8re ; elle fait ainsi participer tous les hommes \u00e0 la r\u00e9demption et au salut ; par eux, elle ordonne en v\u00e9rit\u00e9 le monde entier au Christ. On appelle apostolat toute activit\u00e9 du Corps mystique qui tend vers ce but ; l&rsquo;\u00c9glise l&rsquo;exerce par tous ses membres, mais de diverses mani\u00e8res. En effet, la vocation chr\u00e9tienne est aussi par nature vocation \u00e0 l&rsquo;apostolat. Dans l&rsquo;organisme d&rsquo;un corps vivant, aucun membre ne se comporte de mani\u00e8re purement passive, mais participe \u00e0 la vie et \u00e0 l&rsquo;activit\u00e9 g\u00e9n\u00e9rale du corps, ainsi dans le Corps du Christ qui est l&rsquo;\u00c9glise, \u00ab tout le corps op\u00e8re sa croissance selon le r\u00f4le de chaque partie \u00bb (Ep 4,16). Bien plus, les membres de ce corps sont tellement unis et solidaires qu&rsquo;un membre qui ne travaille pas selon ses possibilit\u00e9s \u00e0 la croissance du corps doit \u00eatre r\u00e9put\u00e9 inutile \u00e0 l&rsquo;\u00c9glise et \u00e0 lui-m\u00eame.<\/p>\n<p>Il y a dans l&rsquo;\u00c9glise diversit\u00e9 de minist\u00e8res, mais unit\u00e9 de mission. Le Christ a confi\u00e9 aux ap\u00f4tres et \u00e0 leurs successeurs la charge d&rsquo;enseigner, de sanctifier et de gouverner en son nom et par son pouvoir. Mais les la\u00efcs rendus participants de la charge sacerdotale, proph\u00e9tique et royale du Christ assument, dans l&rsquo;\u00c9glise et dans le monde, leur part dans ce qui est la mission du peuple de Dieu tout entier. Ils exercent concr\u00e8tement leur apostolat en se d\u00e9pensant \u00e0 l&rsquo;\u00e9vang\u00e9lisation et \u00e0 la sanctification des hommes ; il en est de m\u00eame quand ils s&rsquo;efforcent de p\u00e9n\u00e9trer l&rsquo;ordre temporel d&rsquo;esprit \u00e9vang\u00e9lique et travaillent \u00e0 son progr\u00e8s de telle mani\u00e8re que, en ce domaine, leur action rende clairement t\u00e9moignage au Christ et serve au salut des hommes. Le propre de l&rsquo;\u00e9tat des la\u00efcs \u00e9tant de mener leur vie au milieu du monde et des affaires profanes, ils sont appel\u00e9s par Dieu \u00e0 exercer leur apostolat dans le monde \u00e0 la mani\u00e8re d&rsquo;un ferment, gr\u00e2ce \u00e0 la vigueur de leur esprit chr\u00e9tien.<\/p>\n<h3 class=\"GospelCommentaryAuthor-name commentary-author font-2\">Concile Vatican II<\/h3>\n<p>&nbsp;<\/p>\n<p>&nbsp;<\/p>\n<p>&nbsp;<\/p>\n","protected":false},"excerpt":{"rendered":"<p>L&rsquo;\u00c9glise est faite pour \u00e9tendre le r\u00e8gne du Christ \u00e0 toute la terre, pour la gloire de Dieu le P\u00e8re ; elle fait ainsi participer tous les hommes \u00e0 la r\u00e9demption et au salut ; par eux, elle ordonne en v\u00e9rit\u00e9 le monde entier au Christ. On appelle apostolat toute activit\u00e9 du Corps mystique qui [&hellip;]<\/p>\n","protected":false},"author":2,"featured_media":0,"comment_status":"closed","ping_status":"closed","sticky":false,"template":"","format":"standard","meta":{"footnotes":""},"categories":[13,1261],"tags":[84,336,387,1174],"class_list":["post-17993","post","type-post","status-publish","format-standard","hentry","category-ecritures","category-enseignement-2","tag-apotres","tag-eglise","tag-evangelisation","tag-vatican-2"],"_links":{"self":[{"href":"https:\/\/www.associationdemarie.org\/blog\/wp-json\/wp\/v2\/posts\/17993","targetHints":{"allow":["GET"]}}],"collection":[{"href":"https:\/\/www.associationdemarie.org\/blog\/wp-json\/wp\/v2\/posts"}],"about":[{"href":"https:\/\/www.associationdemarie.org\/blog\/wp-json\/wp\/v2\/types\/post"}],"author":[{"embeddable":true,"href":"https:\/\/www.associationdemarie.org\/blog\/wp-json\/wp\/v2\/users\/2"}],"replies":[{"embeddable":true,"href":"https:\/\/www.associationdemarie.org\/blog\/wp-json\/wp\/v2\/comments?post=17993"}],"version-history":[{"count":1,"href":"https:\/\/www.associationdemarie.org\/blog\/wp-json\/wp\/v2\/posts\/17993\/revisions"}],"predecessor-version":[{"id":17995,"href":"https:\/\/www.associationdemarie.org\/blog\/wp-json\/wp\/v2\/posts\/17993\/revisions\/17995"}],"wp:attachment":[{"href":"https:\/\/www.associationdemarie.org\/blog\/wp-json\/wp\/v2\/media?parent=17993"}],"wp:term":[{"taxonomy":"category","embeddable":true,"href":"https:\/\/www.associationdemarie.org\/blog\/wp-json\/wp\/v2\/categories?post=17993"},{"taxonomy":"post_tag","embeddable":true,"href":"https:\/\/www.associationdemarie.org\/blog\/wp-json\/wp\/v2\/tags?post=17993"}],"curies":[{"name":"wp","href":"https:\/\/api.w.org\/{rel}","templated":true}]}}