{"id":17950,"date":"2019-09-20T01:26:15","date_gmt":"2019-09-20T00:26:15","guid":{"rendered":"http:\/\/www.associationdemarie.org\/blog\/?p=17950"},"modified":"2019-09-08T07:30:02","modified_gmt":"2019-09-08T06:30:02","slug":"les-douze-laccompagnaient-ainsi-que-des-femmes-3","status":"publish","type":"post","link":"https:\/\/www.associationdemarie.org\/blog\/les-douze-laccompagnaient-ainsi-que-des-femmes-3\/","title":{"rendered":"\u00ab Les Douze l\u2019accompagnaient, ainsi que des femmes. \u00bb"},"content":{"rendered":"<p><img loading=\"lazy\" decoding=\"async\" class=\"aligncenter  wp-image-17951\" src=\"https:\/\/www.associationdemarie.org\/blog\/wp-content\/uploads\/2019\/09\/crucifixion-opt.jpg\" alt=\"\" width=\"421\" height=\"338\" srcset=\"https:\/\/www.associationdemarie.org\/blog\/wp-content\/uploads\/2019\/09\/crucifixion-opt.jpg 1000w, https:\/\/www.associationdemarie.org\/blog\/wp-content\/uploads\/2019\/09\/crucifixion-opt-300x241.jpg 300w, https:\/\/www.associationdemarie.org\/blog\/wp-content\/uploads\/2019\/09\/crucifixion-opt-768x616.jpg 768w\" sizes=\"auto, (max-width: 421px) 100vw, 421px\" \/><\/p>\n<p>\u00ab Si tu savais le don de Dieu \u00bb (Jn 4,10), dit J\u00e9sus \u00e0 la Samaritaine au cours d&rsquo;un de ces dialogues admirables qui montrent toute son estime pour la dignit\u00e9 de chaque femme et pour la vocation qui permet \u00e0 chacune de participer \u00e0 sa mission de Messie. (\u2026) L&rsquo;\u00c9glise d\u00e9sire remercier la tr\u00e8s sainte Trinit\u00e9 pour le \u00ab myst\u00e8re de la femme \u00bb et pour toute femme, pour ce qui constitue la dimension \u00e9ternelle de sa dignit\u00e9 f\u00e9minine, pour les \u00ab merveilles de Dieu \u00bb qui, dans l&rsquo;histoire des g\u00e9n\u00e9rations humaines, se sont accomplies en elle et par elle. En d\u00e9finitive, n&rsquo;est-ce pas en elle et par elle que s&rsquo;est accompli ce qu&rsquo;il y a de plus grand dans l&rsquo;histoire de l&rsquo;homme sur terre, l&rsquo;\u00e9v\u00e9nement que Dieu lui-m\u00eame se soit fait homme ?<\/p>\n<p>C&rsquo;est pourquoi l&rsquo;\u00c9glise rend gr\u00e2ce pour toutes les femmes et pour chacune d&rsquo;elles : pour les m\u00e8res, pour les s\u0153urs, pour les \u00e9pouses ; pour les femmes consacr\u00e9es \u00e0 Dieu dans la virginit\u00e9 ; pour les femmes d\u00e9vou\u00e9es \u00e0 tant d&rsquo;\u00eatres humains qui attendent l&rsquo;amour gratuit d&rsquo;une autre personne ; pour les femmes qui veillent sur l&rsquo;\u00eatre humain dans la famille, ce signe fondamental de la communaut\u00e9 humaine ; pour les femmes qui exercent une profession, celles sur qui p\u00e8se parfois une grande responsabilit\u00e9 sociale. (\u2026)<\/p>\n<p>L&rsquo;\u00c9glise rend gr\u00e2ce pour toutes les manifestations du g\u00e9nie f\u00e9minin apparues au cours de l&rsquo;histoire, dans tous les peuples et dans toutes les nations ; elle rend gr\u00e2ce pour tous les charismes dont l&rsquo;Esprit Saint a dot\u00e9 les femmes dans l&rsquo;histoire du Peuple de Dieu. (\u2026) L&rsquo;\u00c9glise demande en m\u00eame temps que ces \u00ab manifestations de l&rsquo;Esprit \u00bb inestimables (1Co 12,4s) (\u2026) soient attentivement reconnues, mises en valeur, afin qu&rsquo;elles concourent au bien commun de l&rsquo;\u00c9glise et de l&rsquo;humanit\u00e9.<\/p>\n<h3 class=\"GospelCommentaryAuthor-name commentary-author font-2\">Saint Jean-Paul II (1920-2005)<\/h3>\n<p>&nbsp;<\/p>\n<p>&nbsp;<\/p>\n<p>&nbsp;<\/p>\n<p>&nbsp;<\/p>\n","protected":false},"excerpt":{"rendered":"<p>\u00ab Si tu savais le don de Dieu \u00bb (Jn 4,10), dit J\u00e9sus \u00e0 la Samaritaine au cours d&rsquo;un de ces dialogues admirables qui montrent toute son estime pour la dignit\u00e9 de chaque femme et pour la vocation qui permet \u00e0 chacune de participer \u00e0 sa mission de Messie. (\u2026) L&rsquo;\u00c9glise d\u00e9sire remercier la tr\u00e8s [&hellip;]<\/p>\n","protected":false},"author":2,"featured_media":0,"comment_status":"closed","ping_status":"closed","sticky":false,"template":"","format":"standard","meta":{"footnotes":""},"categories":[13,1261],"tags":[305,404,1253],"class_list":["post-17950","post","type-post","status-publish","format-standard","hentry","category-ecritures","category-enseignement-2","tag-disciples","tag-femmes","tag-st-jean-paul-2"],"_links":{"self":[{"href":"https:\/\/www.associationdemarie.org\/blog\/wp-json\/wp\/v2\/posts\/17950","targetHints":{"allow":["GET"]}}],"collection":[{"href":"https:\/\/www.associationdemarie.org\/blog\/wp-json\/wp\/v2\/posts"}],"about":[{"href":"https:\/\/www.associationdemarie.org\/blog\/wp-json\/wp\/v2\/types\/post"}],"author":[{"embeddable":true,"href":"https:\/\/www.associationdemarie.org\/blog\/wp-json\/wp\/v2\/users\/2"}],"replies":[{"embeddable":true,"href":"https:\/\/www.associationdemarie.org\/blog\/wp-json\/wp\/v2\/comments?post=17950"}],"version-history":[{"count":1,"href":"https:\/\/www.associationdemarie.org\/blog\/wp-json\/wp\/v2\/posts\/17950\/revisions"}],"predecessor-version":[{"id":17952,"href":"https:\/\/www.associationdemarie.org\/blog\/wp-json\/wp\/v2\/posts\/17950\/revisions\/17952"}],"wp:attachment":[{"href":"https:\/\/www.associationdemarie.org\/blog\/wp-json\/wp\/v2\/media?parent=17950"}],"wp:term":[{"taxonomy":"category","embeddable":true,"href":"https:\/\/www.associationdemarie.org\/blog\/wp-json\/wp\/v2\/categories?post=17950"},{"taxonomy":"post_tag","embeddable":true,"href":"https:\/\/www.associationdemarie.org\/blog\/wp-json\/wp\/v2\/tags?post=17950"}],"curies":[{"name":"wp","href":"https:\/\/api.w.org\/{rel}","templated":true}]}}