{"id":17906,"date":"2019-09-07T01:15:57","date_gmt":"2019-09-07T00:15:57","guid":{"rendered":"http:\/\/www.associationdemarie.org\/blog\/?p=17906"},"modified":"2019-08-27T08:18:59","modified_gmt":"2019-08-27T07:18:59","slug":"le-fils-de-lhomme-est-maitre-du-sabbat-7","status":"publish","type":"post","link":"https:\/\/www.associationdemarie.org\/blog\/le-fils-de-lhomme-est-maitre-du-sabbat-7\/","title":{"rendered":"\u00ab Le Fils de l\u2019homme est ma\u00eetre du sabbat. \u00bb"},"content":{"rendered":"<p><a href=\"https:\/\/www.associationdemarie.org\/blog\/wp-content\/uploads\/2019\/08\/verset-biblique-sur-le-Sabbat.jpg\"><img loading=\"lazy\" decoding=\"async\" class=\"aligncenter  wp-image-17907\" src=\"https:\/\/www.associationdemarie.org\/blog\/wp-content\/uploads\/2019\/08\/verset-biblique-sur-le-Sabbat.jpg\" alt=\"\" width=\"448\" height=\"252\" srcset=\"https:\/\/www.associationdemarie.org\/blog\/wp-content\/uploads\/2019\/08\/verset-biblique-sur-le-Sabbat.jpg 640w, https:\/\/www.associationdemarie.org\/blog\/wp-content\/uploads\/2019\/08\/verset-biblique-sur-le-Sabbat-300x169.jpg 300w\" sizes=\"auto, (max-width: 448px) 100vw, 448px\" \/><\/a><\/p>\n<p>Notre m\u00e8re la sainte \u00c9glise estime qu&rsquo;il lui appartient de c\u00e9l\u00e9brer l&rsquo;\u0153uvre salvifique de son \u00c9poux divin par une comm\u00e9moration sacr\u00e9e, \u00e0 jours fixes, tout au long de l&rsquo;ann\u00e9e. Chaque semaine, au jour qu&rsquo;elle a appel\u00e9 \u00ab jour du Seigneur \u00bb, elle fait m\u00e9moire de la r\u00e9surrection du Seigneur, qu&rsquo;elle c\u00e9l\u00e8bre encore une fois par an, en m\u00eame temps que sa bienheureuse Passion, par la grande solennit\u00e9 de P\u00e2ques. (\u2026)<\/p>\n<p>En c\u00e9l\u00e9brant ainsi les myst\u00e8res de la r\u00e9demption, elle ouvre aux fid\u00e8les les richesses de la puissance et des m\u00e9rites de son Seigneur ; de la sorte, les myst\u00e8res sont en quelque mani\u00e8re rendus pr\u00e9sents tout au long du temps, et les fid\u00e8les sont mis en contact avec eux et remplis par la gr\u00e2ce du salut. (\u2026)<\/p>\n<p>En vertu d&rsquo;une tradition apostolique qui remonte au jour m\u00eame de la r\u00e9surrection du Christ, l&rsquo;\u00c9glise c\u00e9l\u00e8bre le myst\u00e8re pascal chaque huiti\u00e8me jour, qui est nomm\u00e9 \u00e0 juste titre \u00ab le jour du Seigneur \u00bb, c&rsquo;est-\u00e0-dire le jour dominical, ou dimanche. Ce jour-l\u00e0, en effet, les fid\u00e8les doivent se rassembler pour entendre la parole de Dieu et participer \u00e0 l&rsquo;eucharistie, et faire ainsi m\u00e9moire de la Passion, de la r\u00e9surrection et de la gloire du Seigneur J\u00e9sus, en rendant gr\u00e2ce \u00e0 Dieu qui les \u00ab fait rena\u00eetre pour une vivante esp\u00e9rance par la r\u00e9surrection de J\u00e9sus Christ d&rsquo;entre les morts \u00bb (1P 1,3). C&rsquo;est pourquoi le dimanche est le jour de f\u00eate primordial qu&rsquo;il faut proposer avec insistance \u00e0 la d\u00e9votion des fid\u00e8les, de sorte qu&rsquo;il devienne aussi jour de joie et de cessation de travail.<\/p>\n<h3 class=\"GospelCommentaryAuthor-name commentary-author font-2\">Concile Vatican II<\/h3>\n<p>&nbsp;<\/p>\n<p>&nbsp;<\/p>\n","protected":false},"excerpt":{"rendered":"<p>Notre m\u00e8re la sainte \u00c9glise estime qu&rsquo;il lui appartient de c\u00e9l\u00e9brer l&rsquo;\u0153uvre salvifique de son \u00c9poux divin par une comm\u00e9moration sacr\u00e9e, \u00e0 jours fixes, tout au long de l&rsquo;ann\u00e9e. Chaque semaine, au jour qu&rsquo;elle a appel\u00e9 \u00ab jour du Seigneur \u00bb, elle fait m\u00e9moire de la r\u00e9surrection du Seigneur, qu&rsquo;elle c\u00e9l\u00e8bre encore une fois par [&hellip;]<\/p>\n","protected":false},"author":2,"featured_media":0,"comment_status":"closed","ping_status":"closed","sticky":false,"template":"","format":"standard","meta":{"footnotes":""},"categories":[13,1261],"tags":[299,415,911,1174],"class_list":["post-17906","post","type-post","status-publish","format-standard","hentry","category-ecritures","category-enseignement-2","tag-dimanche","tag-fils-de-lhomme","tag-sabbat","tag-vatican-2"],"_links":{"self":[{"href":"https:\/\/www.associationdemarie.org\/blog\/wp-json\/wp\/v2\/posts\/17906","targetHints":{"allow":["GET"]}}],"collection":[{"href":"https:\/\/www.associationdemarie.org\/blog\/wp-json\/wp\/v2\/posts"}],"about":[{"href":"https:\/\/www.associationdemarie.org\/blog\/wp-json\/wp\/v2\/types\/post"}],"author":[{"embeddable":true,"href":"https:\/\/www.associationdemarie.org\/blog\/wp-json\/wp\/v2\/users\/2"}],"replies":[{"embeddable":true,"href":"https:\/\/www.associationdemarie.org\/blog\/wp-json\/wp\/v2\/comments?post=17906"}],"version-history":[{"count":1,"href":"https:\/\/www.associationdemarie.org\/blog\/wp-json\/wp\/v2\/posts\/17906\/revisions"}],"predecessor-version":[{"id":17908,"href":"https:\/\/www.associationdemarie.org\/blog\/wp-json\/wp\/v2\/posts\/17906\/revisions\/17908"}],"wp:attachment":[{"href":"https:\/\/www.associationdemarie.org\/blog\/wp-json\/wp\/v2\/media?parent=17906"}],"wp:term":[{"taxonomy":"category","embeddable":true,"href":"https:\/\/www.associationdemarie.org\/blog\/wp-json\/wp\/v2\/categories?post=17906"},{"taxonomy":"post_tag","embeddable":true,"href":"https:\/\/www.associationdemarie.org\/blog\/wp-json\/wp\/v2\/tags?post=17906"}],"curies":[{"name":"wp","href":"https:\/\/api.w.org\/{rel}","templated":true}]}}