{"id":17896,"date":"2019-09-04T02:43:35","date_gmt":"2019-09-04T01:43:35","guid":{"rendered":"http:\/\/www.associationdemarie.org\/blog\/?p=17896"},"modified":"2019-08-24T20:59:43","modified_gmt":"2019-08-24T19:59:43","slug":"il-sortit-et-se-retira-dans-un-endroit-desert-2","status":"publish","type":"post","link":"https:\/\/www.associationdemarie.org\/blog\/il-sortit-et-se-retira-dans-un-endroit-desert-2\/","title":{"rendered":"\u00ab Il sortit et se retira dans un endroit d\u00e9sert. \u00bb"},"content":{"rendered":"<p><a href=\"https:\/\/www.associationdemarie.org\/blog\/wp-content\/uploads\/2019\/08\/egliseinfo-careme-desert-16x9.jpg\"><img loading=\"lazy\" decoding=\"async\" class=\"aligncenter  wp-image-17897\" src=\"https:\/\/www.associationdemarie.org\/blog\/wp-content\/uploads\/2019\/08\/egliseinfo-careme-desert-16x9.jpg\" alt=\"\" width=\"446\" height=\"251\" srcset=\"https:\/\/www.associationdemarie.org\/blog\/wp-content\/uploads\/2019\/08\/egliseinfo-careme-desert-16x9.jpg 3200w, https:\/\/www.associationdemarie.org\/blog\/wp-content\/uploads\/2019\/08\/egliseinfo-careme-desert-16x9-300x169.jpg 300w, https:\/\/www.associationdemarie.org\/blog\/wp-content\/uploads\/2019\/08\/egliseinfo-careme-desert-16x9-768x432.jpg 768w, https:\/\/www.associationdemarie.org\/blog\/wp-content\/uploads\/2019\/08\/egliseinfo-careme-desert-16x9-1024x576.jpg 1024w\" sizes=\"auto, (max-width: 446px) 100vw, 446px\" \/><\/a><\/p>\n<p>Comment ne pas nous rappeler un Ma\u00eetre comme celui qui nous a appris la pri\u00e8re, qui nous l&rsquo;a enseign\u00e9e avec tant d&rsquo;amour et avec un si vif d\u00e9sir qu&rsquo;elle nous soit profitable\u00a0? (&#8230;) Vous savez qu&rsquo;il nous enseigne \u00e0 prier dans la solitude. C&rsquo;est ainsi que notre Seigneur faisait toujours, quand il priait, non que cela lui soit n\u00e9cessaire, mais parce qu&rsquo;il voulait nous donner l&rsquo;exemple. Nous avons d\u00e9j\u00e0 dit qu&rsquo;on ne saurait parler en m\u00eame temps \u00e0 Dieu et au monde. Or ils ne font pas autre chose, ceux qui r\u00e9citent des pri\u00e8res et par ailleurs \u00e9coutent ce qui se dit autour d&rsquo;eux, ou s&rsquo;arr\u00eatent aux pens\u00e9es qui se pr\u00e9sentent sans se pr\u00e9occuper de les repousser.<\/p>\n<p>Je ne parle pas de ces indispositions qui surviennent parfois, ni, surtout de la m\u00e9lancolie ou de la faiblesse d&rsquo;esprit qui affligent certaines personnes et les emp\u00eachent, malgr\u00e9 leurs efforts, de se recueillir. Il en est de m\u00eame pour ces orages int\u00e9rieurs qui peuvent troubler quelquefois les fid\u00e8les serviteurs de Dieu, mais que celui-ci permet pour leur plus grand bien. Dans leur affliction, ils cherchent en vain le calme. Quoi qu&rsquo;ils fassent, ils ne peuvent pas \u00eatre attentifs aux pri\u00e8res qu&rsquo;ils prononcent. Leur esprit, loin de se fixer \u00e0 rien, s&rsquo;en va tellement \u00e0 l&rsquo;aventure qu&rsquo;il semble en proie \u00e0 une sorte de fr\u00e9n\u00e9sie. \u00c0 la peine qu&rsquo;ils en \u00e9prouvent, ils verront que ce n&rsquo;est pas de leur faute\u00a0; qu&rsquo;ils ne se tourmentent donc pas. (&#8230;) Puisque leur \u00e2me est malade, qu&rsquo;ils s&rsquo;appliquent \u00e0 lui procurer quelque repos et s&rsquo;occupent de quelque autre \u0153uvre de vertu. Voil\u00e0 ce que doivent faire les personnes qui veillent sur elles-m\u00eames et qui comprennent que l&rsquo;on ne saurait parler \u00e0 Dieu et au monde en m\u00eame temps.<\/p>\n<p>Ce qui d\u00e9pend de nous, c&rsquo;est d&rsquo;essayer d&rsquo;\u00eatre dans la solitude pour prier. Et plaise \u00e0 Dieu que cela suffise, je le r\u00e9p\u00e8te, pour comprendre en pr\u00e9sence de qui nous sommes et quelle r\u00e9ponse le Seigneur fait \u00e0 nos demandes\u00a0! Pensez-vous qu&rsquo;il se taise, bien que nous ne l&rsquo;entendions pas\u00a0? Non, certes. Il parle au c\u0153ur quand c&rsquo;est le c\u0153ur qui le prie.<\/p>\n<h3 class=\"GospelCommentaryAuthor-name commentary-author font-2\">Sainte Th\u00e9r\u00e8se d&rsquo;Avila (1515-1582)<\/h3>\n<p>&nbsp;<\/p>\n<p>&nbsp;<\/p>\n<p>&nbsp;<\/p>\n<p>&nbsp;<\/p>\n","protected":false},"excerpt":{"rendered":"<p>Comment ne pas nous rappeler un Ma\u00eetre comme celui qui nous a appris la pri\u00e8re, qui nous l&rsquo;a enseign\u00e9e avec tant d&rsquo;amour et avec un si vif d\u00e9sir qu&rsquo;elle nous soit profitable\u00a0? (&#8230;) Vous savez qu&rsquo;il nous enseigne \u00e0 prier dans la solitude. C&rsquo;est ainsi que notre Seigneur faisait toujours, quand il priait, non que [&hellip;]<\/p>\n","protected":false},"author":2,"featured_media":0,"comment_status":"closed","ping_status":"closed","sticky":false,"template":"","format":"standard","meta":{"footnotes":""},"categories":[13,1261,26],"tags":[288,829,830,1109],"class_list":["post-17896","post","type-post","status-publish","format-standard","hentry","category-ecritures","category-enseignement-2","category-priere-des-ames","tag-desert","tag-prier","tag-priere","tag-ste-therese-davila"],"_links":{"self":[{"href":"https:\/\/www.associationdemarie.org\/blog\/wp-json\/wp\/v2\/posts\/17896","targetHints":{"allow":["GET"]}}],"collection":[{"href":"https:\/\/www.associationdemarie.org\/blog\/wp-json\/wp\/v2\/posts"}],"about":[{"href":"https:\/\/www.associationdemarie.org\/blog\/wp-json\/wp\/v2\/types\/post"}],"author":[{"embeddable":true,"href":"https:\/\/www.associationdemarie.org\/blog\/wp-json\/wp\/v2\/users\/2"}],"replies":[{"embeddable":true,"href":"https:\/\/www.associationdemarie.org\/blog\/wp-json\/wp\/v2\/comments?post=17896"}],"version-history":[{"count":1,"href":"https:\/\/www.associationdemarie.org\/blog\/wp-json\/wp\/v2\/posts\/17896\/revisions"}],"predecessor-version":[{"id":17898,"href":"https:\/\/www.associationdemarie.org\/blog\/wp-json\/wp\/v2\/posts\/17896\/revisions\/17898"}],"wp:attachment":[{"href":"https:\/\/www.associationdemarie.org\/blog\/wp-json\/wp\/v2\/media?parent=17896"}],"wp:term":[{"taxonomy":"category","embeddable":true,"href":"https:\/\/www.associationdemarie.org\/blog\/wp-json\/wp\/v2\/categories?post=17896"},{"taxonomy":"post_tag","embeddable":true,"href":"https:\/\/www.associationdemarie.org\/blog\/wp-json\/wp\/v2\/tags?post=17896"}],"curies":[{"name":"wp","href":"https:\/\/api.w.org\/{rel}","templated":true}]}}