{"id":17868,"date":"2019-08-26T01:52:20","date_gmt":"2019-08-26T00:52:20","guid":{"rendered":"http:\/\/www.associationdemarie.org\/blog\/?p=17868"},"modified":"2019-08-08T07:53:51","modified_gmt":"2019-08-08T06:53:51","slug":"le-carrefour-dans-notre-coeur-il-est-large-le-chemin-qui-conduit-a-la-perdition-il-est-resserre-le-chemin-qui-conduit-a-la-vie-mt-713-14","status":"publish","type":"post","link":"https:\/\/www.associationdemarie.org\/blog\/le-carrefour-dans-notre-coeur-il-est-large-le-chemin-qui-conduit-a-la-perdition-il-est-resserre-le-chemin-qui-conduit-a-la-vie-mt-713-14\/","title":{"rendered":"Le carrefour dans notre c\u0153ur : \u00ab Il est large, le chemin qui conduit \u00e0 la perdition\u2026; il est resserr\u00e9, le chemin qui conduit \u00e0 la vie. \u00bb (Mt 7,13-14)"},"content":{"rendered":"<p><a href=\"https:\/\/www.associationdemarie.org\/blog\/wp-content\/uploads\/2019\/08\/ob_849a44_ob-218a77-12278795-10208280305468184-7.jpg\"><img loading=\"lazy\" decoding=\"async\" class=\"aligncenter  wp-image-17869\" src=\"https:\/\/www.associationdemarie.org\/blog\/wp-content\/uploads\/2019\/08\/ob_849a44_ob-218a77-12278795-10208280305468184-7.jpg\" alt=\"\" width=\"314\" height=\"370\" srcset=\"https:\/\/www.associationdemarie.org\/blog\/wp-content\/uploads\/2019\/08\/ob_849a44_ob-218a77-12278795-10208280305468184-7.jpg 768w, https:\/\/www.associationdemarie.org\/blog\/wp-content\/uploads\/2019\/08\/ob_849a44_ob-218a77-12278795-10208280305468184-7-254x300.jpg 254w\" sizes=\"auto, (max-width: 314px) 100vw, 314px\" \/><\/a><\/p>\n<p>Homme, toi d&rsquo;abord qui lis cette r\u00e8gle \u00e0 la communaut\u00e9 \u00e0 haute voix et toi ensuite qui m&rsquo;\u00e9coutes en \u00e9coutant cette lecture, laisse \u00e0 pr\u00e9sent tes autres pens\u00e9es de c\u00f4t\u00e9\u00a0; sache que lorsque je te parle, c&rsquo;est Dieu qui t&rsquo;avertit par ma bouche. Nous devons aller \u00e0 lui, le Seigneur Dieu, de notre plein gr\u00e9, par nos bonnes actions et nos intentions droites\u00a0; sinon ce sera malgr\u00e9 nous, \u00e0 cause de notre n\u00e9gligence de p\u00e9cheurs, que nous serons appel\u00e9s \u00e0 compara\u00eetre devant lui et emport\u00e9s par la mort. (\u2026) Le temps qui nous reste \u00e0 vivre, nous le vivons comme un sursis, alors que chaque jour la bont\u00e9 de Dieu attend de nous des progr\u00e8s\u00a0; elle nous veut meilleurs aujourd&rsquo;hui qu&rsquo;hier.<\/p>\n<p>Toi qui m&rsquo;\u00e9coutes, sois bien attentif\u00a0: ainsi mes paroles (\u2026), cheminant par l&rsquo;application de ton esprit, parviendront au carrefour de ton c\u0153ur. Quand tu seras \u00e0 ce carrefour (\u2026), laisse derri\u00e8re toi la voie du mal qui est celle de ton ignorance, et place-toi devant les deux voies qui s&rsquo;ouvrent \u00e0 toi\u00a0: ce sont les deux fa\u00e7ons d&rsquo;observer les pr\u00e9ceptes du Seigneur. Nous qui cherchons la voie qui m\u00e8ne \u00e0 Dieu, arr\u00eatons-nous \u00e0 ce carrefour dans notre c\u0153ur et examinons ces deux voies, ces deux fa\u00e7ons de comprendre, qui s&rsquo;offrent \u00e0 nous. Examinons par laquelle de ces deux voies nous pouvons parvenir \u00e0 Dieu. Si nous continuons \u00e0 gauche, nous avons \u00e0 craindre \u2014 car cette voie est large \u2014 que ce ne soit plut\u00f4t celle qui m\u00e8ne \u00e0 la perdition. Si nous tournons \u00e0 droite, nous sommes sur le bon chemin, car cette voie est \u00e9troite, et c&rsquo;est elle qui m\u00e8ne les serviteurs assidus \u00e0 leur Seigneur en personne. (\u2026) Conforme-toi donc \u00e0 ce que tu entends, avant que tu ne quittes la lumi\u00e8re de ce monde, car tu n&rsquo;y reviendras pas, sinon \u00e0 la r\u00e9surrection. Et \u00e0 la r\u00e9surrection, si tu as bien agi ici-bas dans le temps pr\u00e9sent, tu seras destin\u00e9 avec les saints \u00e0 la gloire \u00e9ternelle.<\/p>\n<h3 class=\"GospelCommentaryAuthor-name commentary-author font-2\">La R\u00e8gle du Ma\u00eetre<\/h3>\n<p>&nbsp;<\/p>\n<p>&nbsp;<\/p>\n","protected":false},"excerpt":{"rendered":"<p>Homme, toi d&rsquo;abord qui lis cette r\u00e8gle \u00e0 la communaut\u00e9 \u00e0 haute voix et toi ensuite qui m&rsquo;\u00e9coutes en \u00e9coutant cette lecture, laisse \u00e0 pr\u00e9sent tes autres pens\u00e9es de c\u00f4t\u00e9\u00a0; sache que lorsque je te parle, c&rsquo;est Dieu qui t&rsquo;avertit par ma bouche. Nous devons aller \u00e0 lui, le Seigneur Dieu, de notre plein gr\u00e9, [&hellip;]<\/p>\n","protected":false},"author":2,"featured_media":0,"comment_status":"closed","ping_status":"closed","sticky":false,"template":"","format":"standard","meta":{"footnotes":""},"categories":[13,1261],"tags":[1525],"class_list":["post-17868","post","type-post","status-publish","format-standard","hentry","category-ecritures","category-enseignement-2","tag-la-regle-du-maitre"],"_links":{"self":[{"href":"https:\/\/www.associationdemarie.org\/blog\/wp-json\/wp\/v2\/posts\/17868","targetHints":{"allow":["GET"]}}],"collection":[{"href":"https:\/\/www.associationdemarie.org\/blog\/wp-json\/wp\/v2\/posts"}],"about":[{"href":"https:\/\/www.associationdemarie.org\/blog\/wp-json\/wp\/v2\/types\/post"}],"author":[{"embeddable":true,"href":"https:\/\/www.associationdemarie.org\/blog\/wp-json\/wp\/v2\/users\/2"}],"replies":[{"embeddable":true,"href":"https:\/\/www.associationdemarie.org\/blog\/wp-json\/wp\/v2\/comments?post=17868"}],"version-history":[{"count":1,"href":"https:\/\/www.associationdemarie.org\/blog\/wp-json\/wp\/v2\/posts\/17868\/revisions"}],"predecessor-version":[{"id":17870,"href":"https:\/\/www.associationdemarie.org\/blog\/wp-json\/wp\/v2\/posts\/17868\/revisions\/17870"}],"wp:attachment":[{"href":"https:\/\/www.associationdemarie.org\/blog\/wp-json\/wp\/v2\/media?parent=17868"}],"wp:term":[{"taxonomy":"category","embeddable":true,"href":"https:\/\/www.associationdemarie.org\/blog\/wp-json\/wp\/v2\/categories?post=17868"},{"taxonomy":"post_tag","embeddable":true,"href":"https:\/\/www.associationdemarie.org\/blog\/wp-json\/wp\/v2\/tags?post=17868"}],"curies":[{"name":"wp","href":"https:\/\/api.w.org\/{rel}","templated":true}]}}