{"id":17847,"date":"2019-08-20T01:27:54","date_gmt":"2019-08-20T00:27:54","guid":{"rendered":"http:\/\/www.associationdemarie.org\/blog\/?p=17847"},"modified":"2019-08-04T18:30:00","modified_gmt":"2019-08-04T17:30:00","slug":"viens-suis-moi","status":"publish","type":"post","link":"https:\/\/www.associationdemarie.org\/blog\/viens-suis-moi\/","title":{"rendered":"\u00ab Viens, suis-moi ! \u00bb"},"content":{"rendered":"<p><a href=\"https:\/\/www.associationdemarie.org\/blog\/wp-content\/uploads\/2019\/08\/ob_bb0b11_suivre-jesus.jpg\"><img loading=\"lazy\" decoding=\"async\" class=\"aligncenter  wp-image-17848\" src=\"https:\/\/www.associationdemarie.org\/blog\/wp-content\/uploads\/2019\/08\/ob_bb0b11_suivre-jesus.jpg\" alt=\"\" width=\"318\" height=\"446\" srcset=\"https:\/\/www.associationdemarie.org\/blog\/wp-content\/uploads\/2019\/08\/ob_bb0b11_suivre-jesus.jpg 640w, https:\/\/www.associationdemarie.org\/blog\/wp-content\/uploads\/2019\/08\/ob_bb0b11_suivre-jesus-214x300.jpg 214w\" sizes=\"auto, (max-width: 318px) 100vw, 318px\" \/><\/a><\/p>\n<p>Pour avoir suivi la Parole de Dieu, son appel, spontan\u00e9ment et librement dans la g\u00e9n\u00e9rosit\u00e9 de sa foi, Abraham \u00e9tait devenu \u00ab\u00a0l&rsquo;ami de Dieu\u00a0\u00bb (Jc 2,23). Ce n&rsquo;\u00e9tait pas \u00e0 cause d&rsquo;une indigence que le Verbe de Dieu s&rsquo;est acquis cette amiti\u00e9 d&rsquo;Abraham, lui qui est parfait d\u00e8s l&rsquo;origine\u00a0; \u00ab\u00a0Avant qu&rsquo;Abraham ait \u00e9t\u00e9, dit-il, je suis\u00a0\u00bb (Jn 8,58). Mais c&rsquo;\u00e9tait pour pouvoir, lui qui est bon, donner \u00e0 Abraham la vie \u00e9ternelle. (&#8230;) Au commencement non plus, ce n&rsquo;\u00e9tait pas parce qu&rsquo;il avait besoin de l&rsquo;homme que Dieu a model\u00e9 Adam, mais pour avoir quelqu&rsquo;un en qui d\u00e9poser ses bienfaits.<\/p>\n<p>Ce n&rsquo;\u00e9tait pas davantage parce qu&rsquo;il avait besoin de notre service qu&rsquo;il nous a command\u00e9 de le suivre, mais pour nous procurer le salut. Car suivre le Sauveur c&rsquo;est avoir part au salut, comme suivre la lumi\u00e8re c&rsquo;est avoir part \u00e0 la lumi\u00e8re. Lorsque des hommes sont dans la lumi\u00e8re, ce ne sont pas eux qui illuminent la lumi\u00e8re et la font resplendir, mais ils sont illumin\u00e9s et rendus resplendissants par elle. (&#8230;) Dieu accorde ses bienfaits \u00e0 ceux qui le servent parce qu&rsquo;ils le servent, et \u00e0 ceux qui le suivent parce qu&rsquo;ils le suivent\u00a0; mais il ne re\u00e7oit d&rsquo;eux nul bienfait, car il est parfait et sans besoin.<\/p>\n<p>Si Dieu sollicite le service des hommes, c&rsquo;est pour pouvoir, lui qui est bon et mis\u00e9ricordieux, accorder ses bienfaits \u00e0 ceux qui pers\u00e9v\u00e8rent dans son service. Car, si Dieu n&rsquo;a besoin de rien, l&rsquo;homme a besoin de la communion de Dieu. La gloire de l&rsquo;homme, c&rsquo;est de pers\u00e9v\u00e9rer dans le service de Dieu. C&rsquo;est pourquoi le Seigneur disait \u00e0 ses disciples\u00a0: \u00ab\u00a0Ce n&rsquo;est pas vous qui m&rsquo;avez choisi, mais moi qui vous ai choisis\u00a0\u00bb (Jn 15,16), indiquant par l\u00e0 que (&#8230;) pour avoir suivi le Fils de Dieu, ils \u00e9taient glorifi\u00e9s par lui\u00a0: \u00ab\u00a0P\u00e8re, je veux que l\u00e0 o\u00f9 je suis, eux aussi soient avec moi, afin qu&rsquo;ils contemplent ma gloire\u00a0\u00bb (Jn 17,24).<\/p>\n<h3 class=\"GospelCommentaryAuthor-name commentary-author font-2\">Saint Ir\u00e9n\u00e9e de Lyon (v. 130-v. 208)<\/h3>\n<p>&nbsp;<\/p>\n<p>&nbsp;<\/p>\n<p>&nbsp;<\/p>\n<p>&nbsp;<\/p>\n","protected":false},"excerpt":{"rendered":"<p>Pour avoir suivi la Parole de Dieu, son appel, spontan\u00e9ment et librement dans la g\u00e9n\u00e9rosit\u00e9 de sa foi, Abraham \u00e9tait devenu \u00ab\u00a0l&rsquo;ami de Dieu\u00a0\u00bb (Jc 2,23). Ce n&rsquo;\u00e9tait pas \u00e0 cause d&rsquo;une indigence que le Verbe de Dieu s&rsquo;est acquis cette amiti\u00e9 d&rsquo;Abraham, lui qui est parfait d\u00e8s l&rsquo;origine\u00a0; \u00ab\u00a0Avant qu&rsquo;Abraham ait \u00e9t\u00e9, dit-il, je [&hellip;]<\/p>\n","protected":false},"author":2,"featured_media":0,"comment_status":"closed","ping_status":"closed","sticky":false,"template":"","format":"standard","meta":{"footnotes":""},"categories":[13,1261],"tags":[32,1039],"class_list":["post-17847","post","type-post","status-publish","format-standard","hentry","category-ecritures","category-enseignement-2","tag-abraham","tag-st-irenee"],"_links":{"self":[{"href":"https:\/\/www.associationdemarie.org\/blog\/wp-json\/wp\/v2\/posts\/17847","targetHints":{"allow":["GET"]}}],"collection":[{"href":"https:\/\/www.associationdemarie.org\/blog\/wp-json\/wp\/v2\/posts"}],"about":[{"href":"https:\/\/www.associationdemarie.org\/blog\/wp-json\/wp\/v2\/types\/post"}],"author":[{"embeddable":true,"href":"https:\/\/www.associationdemarie.org\/blog\/wp-json\/wp\/v2\/users\/2"}],"replies":[{"embeddable":true,"href":"https:\/\/www.associationdemarie.org\/blog\/wp-json\/wp\/v2\/comments?post=17847"}],"version-history":[{"count":1,"href":"https:\/\/www.associationdemarie.org\/blog\/wp-json\/wp\/v2\/posts\/17847\/revisions"}],"predecessor-version":[{"id":17849,"href":"https:\/\/www.associationdemarie.org\/blog\/wp-json\/wp\/v2\/posts\/17847\/revisions\/17849"}],"wp:attachment":[{"href":"https:\/\/www.associationdemarie.org\/blog\/wp-json\/wp\/v2\/media?parent=17847"}],"wp:term":[{"taxonomy":"category","embeddable":true,"href":"https:\/\/www.associationdemarie.org\/blog\/wp-json\/wp\/v2\/categories?post=17847"},{"taxonomy":"post_tag","embeddable":true,"href":"https:\/\/www.associationdemarie.org\/blog\/wp-json\/wp\/v2\/tags?post=17847"}],"curies":[{"name":"wp","href":"https:\/\/api.w.org\/{rel}","templated":true}]}}