{"id":178,"date":"2009-04-01T19:55:56","date_gmt":"2009-04-01T19:55:56","guid":{"rendered":"http:\/\/preprod.meltem-int.com\/marie\/blog\/?p=178"},"modified":"2009-04-01T19:55:56","modified_gmt":"2009-04-01T19:55:56","slug":"padre-pio-et-marie","status":"publish","type":"post","link":"https:\/\/www.associationdemarie.org\/blog\/padre-pio-et-marie\/","title":{"rendered":"Padre Pio et Marie"},"content":{"rendered":"<p><img loading=\"lazy\" decoding=\"async\" class=\"alignright size-full wp-image-177\" title=\"Padre-Marie\" src=\"https:\/\/www.associationdemarie.org\/blog\/wp-content\/uploads\/2009\/05\/padre-marie.jpg\" alt=\"Padre-Marie\" width=\"244\" height=\"221\" \/>St Padre Pio<br \/>\nPri\u00e8re \u00e0 la Vierge Immacul\u00e9e<\/p>\n<p>\u00d4 M\u00e8re, mets en moi cet amour<br \/>\nqui br\u00fblait en ton c\u0153ur pour ton Fils.<br \/>\nMoi qui suis faible,<br \/>\nj&rsquo;admire le myst\u00e8re de ton Immacul\u00e9e Conception.<br \/>\nJe le d\u00e9sire ardemment :<br \/>\npurifie mon c\u0153ur pour qu&rsquo;il puisse mieux aimer Dieu ;<br \/>\npurifie mon esprit pour qu&rsquo;il puisse s&rsquo;\u00e9lever \u00e0 Lui<br \/>\net Le contempler, L&rsquo;adorer et Le servir en esprit et en v\u00e9rit\u00e9 ;<br \/>\npurifie mon corps pour qu&rsquo;il devienne<br \/>\nun tabernacle moins indigne de Le recevoir,<br \/>\nlorsqu&rsquo;Il vient \u00e0 moi dans l&rsquo;Eucharistie.<\/p>\n","protected":false},"excerpt":{"rendered":"<p>St Padre Pio Pri\u00e8re \u00e0 la Vierge Immacul\u00e9e \u00d4 M\u00e8re, mets en moi cet amour qui br\u00fblait en ton c\u0153ur pour ton Fils. Moi qui suis faible, j&rsquo;admire le myst\u00e8re de ton Immacul\u00e9e Conception. Je le d\u00e9sire ardemment : purifie mon c\u0153ur pour qu&rsquo;il puisse mieux aimer Dieu ; purifie mon esprit pour qu&rsquo;il puisse [&hellip;]<\/p>\n","protected":false},"author":1,"featured_media":0,"comment_status":"closed","ping_status":"closed","sticky":false,"template":"","format":"standard","meta":{"footnotes":""},"categories":[25,27,28],"tags":[830],"class_list":["post-178","post","type-post","status-publish","format-standard","hentry","category-pelerinage","category-prieres","category-saints-et-saintes","tag-priere"],"_links":{"self":[{"href":"https:\/\/www.associationdemarie.org\/blog\/wp-json\/wp\/v2\/posts\/178","targetHints":{"allow":["GET"]}}],"collection":[{"href":"https:\/\/www.associationdemarie.org\/blog\/wp-json\/wp\/v2\/posts"}],"about":[{"href":"https:\/\/www.associationdemarie.org\/blog\/wp-json\/wp\/v2\/types\/post"}],"author":[{"embeddable":true,"href":"https:\/\/www.associationdemarie.org\/blog\/wp-json\/wp\/v2\/users\/1"}],"replies":[{"embeddable":true,"href":"https:\/\/www.associationdemarie.org\/blog\/wp-json\/wp\/v2\/comments?post=178"}],"version-history":[{"count":0,"href":"https:\/\/www.associationdemarie.org\/blog\/wp-json\/wp\/v2\/posts\/178\/revisions"}],"wp:attachment":[{"href":"https:\/\/www.associationdemarie.org\/blog\/wp-json\/wp\/v2\/media?parent=178"}],"wp:term":[{"taxonomy":"category","embeddable":true,"href":"https:\/\/www.associationdemarie.org\/blog\/wp-json\/wp\/v2\/categories?post=178"},{"taxonomy":"post_tag","embeddable":true,"href":"https:\/\/www.associationdemarie.org\/blog\/wp-json\/wp\/v2\/tags?post=178"}],"curies":[{"name":"wp","href":"https:\/\/api.w.org\/{rel}","templated":true}]}}