{"id":17782,"date":"2019-08-03T01:03:39","date_gmt":"2019-08-03T00:03:39","guid":{"rendered":"http:\/\/www.associationdemarie.org\/blog\/?p=17782"},"modified":"2019-07-17T17:05:15","modified_gmt":"2019-07-17T16:05:15","slug":"le-martyre-de-jean-baptiste-temoignage-a-la-verite","status":"publish","type":"post","link":"https:\/\/www.associationdemarie.org\/blog\/le-martyre-de-jean-baptiste-temoignage-a-la-verite\/","title":{"rendered":"Le martyre de Jean Baptiste, t\u00e9moignage \u00e0 la v\u00e9rit\u00e9"},"content":{"rendered":"<p><a href=\"https:\/\/www.associationdemarie.org\/blog\/wp-content\/uploads\/2019\/07\/Lama_martyrestjean.jpg\"><img loading=\"lazy\" decoding=\"async\" class=\"aligncenter  wp-image-17783\" src=\"https:\/\/www.associationdemarie.org\/blog\/wp-content\/uploads\/2019\/07\/Lama_martyrestjean.jpg\" alt=\"\" width=\"382\" height=\"297\" srcset=\"https:\/\/www.associationdemarie.org\/blog\/wp-content\/uploads\/2019\/07\/Lama_martyrestjean.jpg 2067w, https:\/\/www.associationdemarie.org\/blog\/wp-content\/uploads\/2019\/07\/Lama_martyrestjean-300x233.jpg 300w, https:\/\/www.associationdemarie.org\/blog\/wp-content\/uploads\/2019\/07\/Lama_martyrestjean-768x597.jpg 768w, https:\/\/www.associationdemarie.org\/blog\/wp-content\/uploads\/2019\/07\/Lama_martyrestjean-1024x797.jpg 1024w\" sizes=\"auto, (max-width: 382px) 100vw, 382px\" \/><\/a><\/p>\n<p>Devant Pilate, le Christ proclame qu&rsquo;il est \u00ab\u00a0venu dans le monde pour rendre t\u00e9moignage \u00e0 la v\u00e9rit\u00e9\u00a0; (Jn 18,37). Le chr\u00e9tien n&rsquo;a pas \u00e0 \u00ab\u00a0rougir de rendre t\u00e9moignage au Seigneur\u00a0; (2Tm 1,8). Dans les situations qui demandent l&rsquo;attestation de la foi, le chr\u00e9tien doit la professer sans \u00e9quivoque, \u00e0 l&rsquo;exemple de saint Paul en face de ses juges. Il lui faut garder \u00ab\u00a0une conscience irr\u00e9prochable devant Dieu et devant les hommes\u00a0; (Ac 24,16).<\/p>\n<p>Le devoir des chr\u00e9tiens de prendre part \u00e0 la vie de l&rsquo;\u00c9glise les pousse \u00e0 agir comme t\u00e9moins de l&rsquo;\u00c9vangile et des obligations qui en d\u00e9coulent. Ce t\u00e9moignage est transmission de la foi en paroles et en actes. Le t\u00e9moignage est un acte de justice qui \u00e9tablit ou fait conna\u00eetre la v\u00e9rit\u00e9\u00a0: \u00ab\u00a0Tous les chr\u00e9tiens, partout o\u00f9 ils vivent, sont tenus de manifester (&#8230;) par l&rsquo;exemple de leur vie et le t\u00e9moignage de leur parole, l&rsquo;homme nouveau qu&rsquo;ils ont rev\u00eatu par le bapt\u00eame, et la force du Saint-Esprit qui les a fortifi\u00e9s au moyen de la confirmation\u00a0; (Vatican II).<\/p>\n<p>Le martyre est le supr\u00eame t\u00e9moignage rendu \u00e0 la v\u00e9rit\u00e9 de la foi\u00a0; il d\u00e9signe un t\u00e9moignage qui va jusqu&rsquo;\u00e0 la mort. Le martyr rend t\u00e9moignage au Christ, mort et ressuscit\u00e9, auquel il est uni par la charit\u00e9. Il rend t\u00e9moignage \u00e0 la v\u00e9rit\u00e9 de la foi et de la doctrine chr\u00e9tienne. Il supporte la mort par un acte de force. (&#8230;) Avec le plus grand soin, l&rsquo;\u00c9glise a recueilli les souvenirs de ceux qui sont all\u00e9s jusqu&rsquo;au bout pour attester leur foi. Ce sont les actes des martyrs. Ils constituent les archives de la v\u00e9rit\u00e9 \u00e9crites en lettres de sang (&#8230;)\u00a0: \u00ab\u00a0Je te b\u00e9nis pour m&rsquo;avoir jug\u00e9 digne de ce jour et de cette heure, digne d&rsquo;\u00eatre compt\u00e9 au nombre de tes martyrs (&#8230;). Tu as gard\u00e9 ta promesse, Dieu de la fid\u00e9lit\u00e9 et de la v\u00e9rit\u00e9. Pour cette gr\u00e2ce et pour toute chose, je te loue, je te b\u00e9nis, je te glorifie par l&rsquo;\u00e9ternel et c\u00e9leste Grand Pr\u00eatre, J\u00e9sus Christ, ton enfant bien-aim\u00e9\u00a0; (S. Polycarpe).<\/p>\n<h3 class=\"GospelCommentaryAuthor-name commentary-author font-2\">Cat\u00e9chisme de l&rsquo;\u00c9glise catholique<\/h3>\n<p>&nbsp;<\/p>\n<p>&nbsp;<\/p>\n","protected":false},"excerpt":{"rendered":"<p>Devant Pilate, le Christ proclame qu&rsquo;il est \u00ab\u00a0venu dans le monde pour rendre t\u00e9moignage \u00e0 la v\u00e9rit\u00e9\u00a0; (Jn 18,37). Le chr\u00e9tien n&rsquo;a pas \u00e0 \u00ab\u00a0rougir de rendre t\u00e9moignage au Seigneur\u00a0; (2Tm 1,8). Dans les situations qui demandent l&rsquo;attestation de la foi, le chr\u00e9tien doit la professer sans \u00e9quivoque, \u00e0 l&rsquo;exemple de saint Paul en face [&hellip;]<\/p>\n","protected":false},"author":2,"featured_media":0,"comment_status":"closed","ping_status":"closed","sticky":false,"template":"","format":"standard","meta":{"footnotes":""},"categories":[13,1261,28],"tags":[188,647,1042],"class_list":["post-17782","post","type-post","status-publish","format-standard","hentry","category-ecritures","category-enseignement-2","category-saints-et-saintes","tag-catechisme","tag-martyr","tag-st-jean-baptiste"],"_links":{"self":[{"href":"https:\/\/www.associationdemarie.org\/blog\/wp-json\/wp\/v2\/posts\/17782","targetHints":{"allow":["GET"]}}],"collection":[{"href":"https:\/\/www.associationdemarie.org\/blog\/wp-json\/wp\/v2\/posts"}],"about":[{"href":"https:\/\/www.associationdemarie.org\/blog\/wp-json\/wp\/v2\/types\/post"}],"author":[{"embeddable":true,"href":"https:\/\/www.associationdemarie.org\/blog\/wp-json\/wp\/v2\/users\/2"}],"replies":[{"embeddable":true,"href":"https:\/\/www.associationdemarie.org\/blog\/wp-json\/wp\/v2\/comments?post=17782"}],"version-history":[{"count":1,"href":"https:\/\/www.associationdemarie.org\/blog\/wp-json\/wp\/v2\/posts\/17782\/revisions"}],"predecessor-version":[{"id":17784,"href":"https:\/\/www.associationdemarie.org\/blog\/wp-json\/wp\/v2\/posts\/17782\/revisions\/17784"}],"wp:attachment":[{"href":"https:\/\/www.associationdemarie.org\/blog\/wp-json\/wp\/v2\/media?parent=17782"}],"wp:term":[{"taxonomy":"category","embeddable":true,"href":"https:\/\/www.associationdemarie.org\/blog\/wp-json\/wp\/v2\/categories?post=17782"},{"taxonomy":"post_tag","embeddable":true,"href":"https:\/\/www.associationdemarie.org\/blog\/wp-json\/wp\/v2\/tags?post=17782"}],"curies":[{"name":"wp","href":"https:\/\/api.w.org\/{rel}","templated":true}]}}