{"id":17761,"date":"2019-07-28T01:31:56","date_gmt":"2019-07-28T00:31:56","guid":{"rendered":"http:\/\/www.associationdemarie.org\/blog\/?p=17761"},"modified":"2019-07-12T08:33:24","modified_gmt":"2019-07-12T07:33:24","slug":"la-meilleure-maniere-de-prier","status":"publish","type":"post","link":"https:\/\/www.associationdemarie.org\/blog\/la-meilleure-maniere-de-prier\/","title":{"rendered":"La meilleure mani\u00e8re de prier"},"content":{"rendered":"<p><a href=\"https:\/\/www.associationdemarie.org\/blog\/wp-content\/uploads\/2019\/07\/2659.jpg\"><img loading=\"lazy\" decoding=\"async\" class=\"aligncenter size-full wp-image-17762\" src=\"https:\/\/www.associationdemarie.org\/blog\/wp-content\/uploads\/2019\/07\/2659.jpg\" alt=\"\" width=\"287\" height=\"400\" srcset=\"https:\/\/www.associationdemarie.org\/blog\/wp-content\/uploads\/2019\/07\/2659.jpg 287w, https:\/\/www.associationdemarie.org\/blog\/wp-content\/uploads\/2019\/07\/2659-215x300.jpg 215w\" sizes=\"auto, (max-width: 287px) 100vw, 287px\" \/><\/a><\/p>\n<p>Se tenir devant Dieu est commun \u00e0 tous ceux qui prient\u00a0; mais la pri\u00e8re comporte cependant beaucoup de vari\u00e9t\u00e9 et de diversit\u00e9. Certains s&rsquo;adressent \u00e0 Dieu comme \u00e0 un ami et \u00e0 un ma\u00eetre, lui offrant leurs louanges et leurs supplications non pour eux-m\u00eames mais pour d&rsquo;autres. D&rsquo;autres demandent un accroissement de richesses spirituelle, de gloire et de confiance filiale. Certains supplient d&rsquo;\u00eatre compl\u00e8tement d\u00e9livr\u00e9s de leur adversaire. D&rsquo;autres supplient pour que leur soit accord\u00e9e quelque faveur, et d&rsquo;autres demandent d&rsquo;\u00eatre d\u00e9livr\u00e9s de tout souci \u00e0 l&rsquo;\u00e9gard de leurs fautes. certains demandent leur lib\u00e9ration de prison\u00a0; d&rsquo;autres, la r\u00e9mission de leurs crimes.<\/p>\n<p>Sur le parchemin de notre pri\u00e8re, inscrivons avant tout autre chose l&rsquo;action de gr\u00e2ces sinc\u00e8re. En second lieu, la confession de nos fautes et une contrition de l&rsquo;\u00e2me profond\u00e9ment ressentie. Ensuite, pr\u00e9sentons notre demande au Roi de l&rsquo;univers. C&rsquo;est la meilleur mani\u00e8re de prier.<\/p>\n<h3 class=\"GospelCommentaryAuthor-name commentary-author font-2\">Saint Jean Climaque (v. 575-v. 650)<\/h3>\n<p>&nbsp;<\/p>\n<p>&nbsp;<\/p>\n","protected":false},"excerpt":{"rendered":"<p>Se tenir devant Dieu est commun \u00e0 tous ceux qui prient\u00a0; mais la pri\u00e8re comporte cependant beaucoup de vari\u00e9t\u00e9 et de diversit\u00e9. Certains s&rsquo;adressent \u00e0 Dieu comme \u00e0 un ami et \u00e0 un ma\u00eetre, lui offrant leurs louanges et leurs supplications non pour eux-m\u00eames mais pour d&rsquo;autres. D&rsquo;autres demandent un accroissement de richesses spirituelle, de [&hellip;]<\/p>\n","protected":false},"author":2,"featured_media":0,"comment_status":"closed","ping_status":"closed","sticky":false,"template":"","format":"standard","meta":{"footnotes":""},"categories":[13,1261,26],"tags":[719,830,1425],"class_list":["post-17761","post","type-post","status-publish","format-standard","hentry","category-ecritures","category-enseignement-2","category-priere-des-ames","tag-notre-pere","tag-priere","tag-st-jean-climaque"],"_links":{"self":[{"href":"https:\/\/www.associationdemarie.org\/blog\/wp-json\/wp\/v2\/posts\/17761","targetHints":{"allow":["GET"]}}],"collection":[{"href":"https:\/\/www.associationdemarie.org\/blog\/wp-json\/wp\/v2\/posts"}],"about":[{"href":"https:\/\/www.associationdemarie.org\/blog\/wp-json\/wp\/v2\/types\/post"}],"author":[{"embeddable":true,"href":"https:\/\/www.associationdemarie.org\/blog\/wp-json\/wp\/v2\/users\/2"}],"replies":[{"embeddable":true,"href":"https:\/\/www.associationdemarie.org\/blog\/wp-json\/wp\/v2\/comments?post=17761"}],"version-history":[{"count":1,"href":"https:\/\/www.associationdemarie.org\/blog\/wp-json\/wp\/v2\/posts\/17761\/revisions"}],"predecessor-version":[{"id":17763,"href":"https:\/\/www.associationdemarie.org\/blog\/wp-json\/wp\/v2\/posts\/17761\/revisions\/17763"}],"wp:attachment":[{"href":"https:\/\/www.associationdemarie.org\/blog\/wp-json\/wp\/v2\/media?parent=17761"}],"wp:term":[{"taxonomy":"category","embeddable":true,"href":"https:\/\/www.associationdemarie.org\/blog\/wp-json\/wp\/v2\/categories?post=17761"},{"taxonomy":"post_tag","embeddable":true,"href":"https:\/\/www.associationdemarie.org\/blog\/wp-json\/wp\/v2\/tags?post=17761"}],"curies":[{"name":"wp","href":"https:\/\/api.w.org\/{rel}","templated":true}]}}