{"id":17746,"date":"2019-07-23T01:13:33","date_gmt":"2019-07-23T00:13:33","guid":{"rendered":"http:\/\/www.associationdemarie.org\/blog\/?p=17746"},"modified":"2019-07-08T07:17:54","modified_gmt":"2019-07-08T06:17:54","slug":"fete-de-sainte-brigitte-de-suede-copatronne-de-leurope-3","status":"publish","type":"post","link":"https:\/\/www.associationdemarie.org\/blog\/fete-de-sainte-brigitte-de-suede-copatronne-de-leurope-3\/","title":{"rendered":"F\u00eate de sainte Brigitte de Su\u00e8de, copatronne de l&rsquo;Europe"},"content":{"rendered":"<p><a href=\"https:\/\/www.associationdemarie.org\/blog\/wp-content\/uploads\/2019\/07\/947592c1.jpg\"><img loading=\"lazy\" decoding=\"async\" class=\"aligncenter size-full wp-image-17747\" src=\"https:\/\/www.associationdemarie.org\/blog\/wp-content\/uploads\/2019\/07\/947592c1.jpg\" alt=\"\" width=\"303\" height=\"442\" srcset=\"https:\/\/www.associationdemarie.org\/blog\/wp-content\/uploads\/2019\/07\/947592c1.jpg 303w, https:\/\/www.associationdemarie.org\/blog\/wp-content\/uploads\/2019\/07\/947592c1-206x300.jpg 206w\" sizes=\"auto, (max-width: 303px) 100vw, 303px\" \/><\/a><\/p>\n<p>La conversion op\u00e9r\u00e9e par l&rsquo;\u00c9vangile a donn\u00e9 comme fruit la saintet\u00e9 de beaucoup d&rsquo;hommes et de femmes de notre temps. Non seulement de ceux qui ont \u00e9t\u00e9 proclam\u00e9s officiellement comme tels par l&rsquo;\u00c9glise, mais aussi de ceux qui, avec simplicit\u00e9 et dans la vie quotidienne, ont donn\u00e9 le t\u00e9moignage de leur fid\u00e9lit\u00e9 au Christ. Comment ne pas penser aux innombrables fils et filles de l&rsquo;\u00c9glise qui, tout au long de l&rsquo;histoire du continent europ\u00e9en, ont v\u00e9cu une g\u00e9n\u00e9reuse et authentique saintet\u00e9 dans le secret de la vie familiale, professionnelle et sociale\u00a0?<\/p>\n<p>Tous ensemble, tels des \u00ab\u00a0pierres vivantes\u00a0\u00bb adh\u00e9rant au Christ, la \u00ab\u00a0pierre angulaire\u00a0\u00bb (1P 2,5-6; Ep 2,20), ils ont construit l&rsquo;Europe comme \u00e9difice spirituel et moral, en laissant \u00e0 la post\u00e9rit\u00e9 l&rsquo;h\u00e9ritage le plus pr\u00e9cieux. Le Seigneur J\u00e9sus l&rsquo;avait promis\u00a0: \u00ab\u00a0Celui qui croit en moi accomplira les m\u00eames \u0153uvres que moi. Il en accomplira m\u00eame de plus grandes, puisque je pars vers le P\u00e8re\u00a0\u00bb (Jn 14,12). Les saints sont la preuve vivante de l&rsquo;accomplissement de cette promesse et ils encouragent \u00e0 croire que cela est possible, m\u00eame dans les heures les plus difficiles de l&rsquo;histoire.<\/p>\n<h3 class=\"GospelCommentaryAuthor-name commentary-author font-2\">Saint Jean-Paul II (1920-2005)<\/h3>\n<p>&nbsp;<\/p>\n<p>&nbsp;<\/p>\n","protected":false},"excerpt":{"rendered":"<p>La conversion op\u00e9r\u00e9e par l&rsquo;\u00c9vangile a donn\u00e9 comme fruit la saintet\u00e9 de beaucoup d&rsquo;hommes et de femmes de notre temps. Non seulement de ceux qui ont \u00e9t\u00e9 proclam\u00e9s officiellement comme tels par l&rsquo;\u00c9glise, mais aussi de ceux qui, avec simplicit\u00e9 et dans la vie quotidienne, ont donn\u00e9 le t\u00e9moignage de leur fid\u00e9lit\u00e9 au Christ. Comment [&hellip;]<\/p>\n","protected":false},"author":2,"featured_media":0,"comment_status":"closed","ping_status":"closed","sticky":false,"template":"","format":"standard","meta":{"footnotes":""},"categories":[28],"tags":[386,923,1253,1088],"class_list":["post-17746","post","type-post","status-publish","format-standard","hentry","category-saints-et-saintes","tag-europe","tag-saint","tag-st-jean-paul-2","tag-ste-brigitte"],"_links":{"self":[{"href":"https:\/\/www.associationdemarie.org\/blog\/wp-json\/wp\/v2\/posts\/17746","targetHints":{"allow":["GET"]}}],"collection":[{"href":"https:\/\/www.associationdemarie.org\/blog\/wp-json\/wp\/v2\/posts"}],"about":[{"href":"https:\/\/www.associationdemarie.org\/blog\/wp-json\/wp\/v2\/types\/post"}],"author":[{"embeddable":true,"href":"https:\/\/www.associationdemarie.org\/blog\/wp-json\/wp\/v2\/users\/2"}],"replies":[{"embeddable":true,"href":"https:\/\/www.associationdemarie.org\/blog\/wp-json\/wp\/v2\/comments?post=17746"}],"version-history":[{"count":1,"href":"https:\/\/www.associationdemarie.org\/blog\/wp-json\/wp\/v2\/posts\/17746\/revisions"}],"predecessor-version":[{"id":17748,"href":"https:\/\/www.associationdemarie.org\/blog\/wp-json\/wp\/v2\/posts\/17746\/revisions\/17748"}],"wp:attachment":[{"href":"https:\/\/www.associationdemarie.org\/blog\/wp-json\/wp\/v2\/media?parent=17746"}],"wp:term":[{"taxonomy":"category","embeddable":true,"href":"https:\/\/www.associationdemarie.org\/blog\/wp-json\/wp\/v2\/categories?post=17746"},{"taxonomy":"post_tag","embeddable":true,"href":"https:\/\/www.associationdemarie.org\/blog\/wp-json\/wp\/v2\/tags?post=17746"}],"curies":[{"name":"wp","href":"https:\/\/api.w.org\/{rel}","templated":true}]}}