{"id":17693,"date":"2019-07-08T01:19:30","date_gmt":"2019-07-08T00:19:30","guid":{"rendered":"http:\/\/www.associationdemarie.org\/blog\/?p=17693"},"modified":"2019-06-23T07:21:16","modified_gmt":"2019-06-23T06:21:16","slug":"la-purete-de-la-foi","status":"publish","type":"post","link":"https:\/\/www.associationdemarie.org\/blog\/la-purete-de-la-foi\/","title":{"rendered":"La puret\u00e9 de la foi"},"content":{"rendered":"<p><img loading=\"lazy\" decoding=\"async\" class=\"aligncenter  wp-image-17694\" src=\"https:\/\/www.associationdemarie.org\/blog\/wp-content\/uploads\/2019\/06\/rainbow.jpg\" alt=\"\" width=\"442\" height=\"276\" srcset=\"https:\/\/www.associationdemarie.org\/blog\/wp-content\/uploads\/2019\/06\/rainbow.jpg 624w, https:\/\/www.associationdemarie.org\/blog\/wp-content\/uploads\/2019\/06\/rainbow-300x188.jpg 300w\" sizes=\"auto, (max-width: 442px) 100vw, 442px\" \/><\/p>\n<p>Penses-tu que, lorsque viendra le Fils de l\u2019Homme, Il trouvera la foi sur la terre\u00a0? (Lc 18, 8) Que ceux qui avancent cette sentence de l\u2019\u00c9vangile sachent que la foi mentionn\u00e9e ici est celle dont le Seigneur disait\u00a0: \u00ab\u00a0Ta foi t\u2019a sauv\u00e9e\u00a0\u00bb (Mt 9,22). Et ailleurs, \u00e0 propos du centurion\u00a0: \u00ab\u00a0Je n\u2019ai pas trouv\u00e9 pareille foi en Isra\u00ebl\u00a0\u00bb (Mt 8, 10). (\u2026) Ni le centurion, ni cette pauvre femme qui avait des pertes de sang depuis douze ans (Mc 5,25), ne croyaient au myst\u00e8re de la Trinit\u00e9, qui a \u00e9t\u00e9 manifest\u00e9 aux Ap\u00f4tres apr\u00e8s la r\u00e9surrection du Christ, (&#8230;) mais c\u2019est la simplicit\u00e9 de leur c\u0153ur et leur \u00e2me donn\u00e9e \u00e0 leur Dieu qui sont approuv\u00e9es ici. \u00ab\u00a0Elle disait en effet dans son c\u0153ur\u00a0: si je touche la frange de son v\u00eatement, je serai sauv\u00e9e\u00a0!\u00a0\u00bb (Mt 9, 21) Voil\u00e0 la foi dont le Seigneur a dit qu\u2019elle se trouve rarement\u00a0! Voil\u00e0 la foi qui, m\u00eame chez ceux qui croient, est difficilement parfaite\u00a0! \u00ab\u00a0Qu\u2019il te soit fait, dit le Seigneur, selon ta foi\u00a0!\u00a0\u00bb (Mt 8,13).<\/p>\n<p>Cette parole, moi, je d\u00e9sire ne pas l\u2019entendre\u00a0! En effet, pour peu qu\u2019il me soit fait selon ma foi, je p\u00e9rirai. Certes, \u00ab\u00a0je crois en Dieu le P\u00e8re, je crois en Dieu le Fils, je crois \u00e0 l\u2019Esprit Saint qui est Dieu, je crois en un seul Dieu\u00a0\u00bb, et cependant je ne veux pas qu\u2019il me soit fait \u00ab\u00a0selon ma foi\u00a0\u00bb. Souvent, en effet, survient l\u2019homme ennemi et, au milieu de la moisson du Seigneur, il s\u00e8me l\u2019ivraie. (&#8230;)<\/p>\n<p>En r\u00e9alit\u00e9, bien des fois, dans ma pri\u00e8re, je fl\u00e2ne \u00e0 travers les rues, je calcule des int\u00e9r\u00eats, ou bien, emport\u00e9 par une songerie honteuse, je m\u2019occupe de ce que je rougirais de dire. O\u00f9 est la foi\u00a0? \u00c0 chacun d\u2019interroger son propre c\u0153ur et, dans la vie, il verra combien il est rare de d\u00e9couvrir une \u00e2me fid\u00e8le au point de ne rien faire par d\u00e9sir de gloire ni rien pour le \u2018qu\u2019en-dira-t-on\u2019. (&#8230;) En effet, les vices voisinent avec les vertus. Il est difficile de se contenter d\u2019avoir Dieu seul pour juge.<\/p>\n<h3 class=\"GospelCommentaryAuthor-name commentary-author font-2\">Saint J\u00e9r\u00f4me (347-420)<\/h3>\n<p>&nbsp;<\/p>\n<p>&nbsp;<\/p>\n<p>&nbsp;<\/p>\n","protected":false},"excerpt":{"rendered":"<p>Penses-tu que, lorsque viendra le Fils de l\u2019Homme, Il trouvera la foi sur la terre\u00a0? (Lc 18, 8) Que ceux qui avancent cette sentence de l\u2019\u00c9vangile sachent que la foi mentionn\u00e9e ici est celle dont le Seigneur disait\u00a0: \u00ab\u00a0Ta foi t\u2019a sauv\u00e9e\u00a0\u00bb (Mt 9,22). Et ailleurs, \u00e0 propos du centurion\u00a0: \u00ab\u00a0Je n\u2019ai pas trouv\u00e9 pareille [&hellip;]<\/p>\n","protected":false},"author":2,"featured_media":0,"comment_status":"closed","ping_status":"closed","sticky":false,"template":"","format":"standard","meta":{"footnotes":""},"categories":[13,1261],"tags":[425,1047],"class_list":["post-17693","post","type-post","status-publish","format-standard","hentry","category-ecritures","category-enseignement-2","tag-foi","tag-st-jerome"],"_links":{"self":[{"href":"https:\/\/www.associationdemarie.org\/blog\/wp-json\/wp\/v2\/posts\/17693","targetHints":{"allow":["GET"]}}],"collection":[{"href":"https:\/\/www.associationdemarie.org\/blog\/wp-json\/wp\/v2\/posts"}],"about":[{"href":"https:\/\/www.associationdemarie.org\/blog\/wp-json\/wp\/v2\/types\/post"}],"author":[{"embeddable":true,"href":"https:\/\/www.associationdemarie.org\/blog\/wp-json\/wp\/v2\/users\/2"}],"replies":[{"embeddable":true,"href":"https:\/\/www.associationdemarie.org\/blog\/wp-json\/wp\/v2\/comments?post=17693"}],"version-history":[{"count":1,"href":"https:\/\/www.associationdemarie.org\/blog\/wp-json\/wp\/v2\/posts\/17693\/revisions"}],"predecessor-version":[{"id":17695,"href":"https:\/\/www.associationdemarie.org\/blog\/wp-json\/wp\/v2\/posts\/17693\/revisions\/17695"}],"wp:attachment":[{"href":"https:\/\/www.associationdemarie.org\/blog\/wp-json\/wp\/v2\/media?parent=17693"}],"wp:term":[{"taxonomy":"category","embeddable":true,"href":"https:\/\/www.associationdemarie.org\/blog\/wp-json\/wp\/v2\/categories?post=17693"},{"taxonomy":"post_tag","embeddable":true,"href":"https:\/\/www.associationdemarie.org\/blog\/wp-json\/wp\/v2\/tags?post=17693"}],"curies":[{"name":"wp","href":"https:\/\/api.w.org\/{rel}","templated":true}]}}