{"id":17675,"date":"2019-07-03T01:44:33","date_gmt":"2019-07-03T00:44:33","guid":{"rendered":"http:\/\/www.associationdemarie.org\/blog\/?p=17675"},"modified":"2019-06-18T08:46:28","modified_gmt":"2019-06-18T07:46:28","slug":"fete-de-saint-thomas-apotre-4","status":"publish","type":"post","link":"https:\/\/www.associationdemarie.org\/blog\/fete-de-saint-thomas-apotre-4\/","title":{"rendered":"F\u00eate de saint Thomas, ap\u00f4tre"},"content":{"rendered":"<p><img loading=\"lazy\" decoding=\"async\" class=\"aligncenter  wp-image-17676\" src=\"https:\/\/www.associationdemarie.org\/blog\/wp-content\/uploads\/2019\/06\/Thomas-et-Jesus.jpg\" alt=\"\" width=\"448\" height=\"258\" srcset=\"https:\/\/www.associationdemarie.org\/blog\/wp-content\/uploads\/2019\/06\/Thomas-et-Jesus.jpg 610w, https:\/\/www.associationdemarie.org\/blog\/wp-content\/uploads\/2019\/06\/Thomas-et-Jesus-300x173.jpg 300w\" sizes=\"auto, (max-width: 448px) 100vw, 448px\" \/><\/p>\n<p>\u00ab\u00a0Mets ton doigt dans la marque des clous. \u00a0\u00bb Tu me cherchais quand je n&rsquo;\u00e9tais pas l\u00e0, profites-en maintenant. Je connais ton d\u00e9sir malgr\u00e9 ton silence. Avant que tu ne me le dises, je sais ce que tu penses. Je t&rsquo;ai entendu parler, et quoique invisible, j&rsquo;\u00e9tais aupr\u00e8s de toi, aupr\u00e8s de tes doutes \u00a0; sans me faire voir, je t&rsquo;ai fait attendre, pour mieux regarder ton impatience. \u00ab\u00a0Mets ton doigt dans la marque des clous. Mets ta main dans mon c\u00f4t\u00e9, et ne sois plus incr\u00e9dule, mais crois. \u00a0\u00bb<\/p>\n<p>Alors Thomas le touche, et toute sa d\u00e9fiance tombe \u00a0; rempli d&rsquo;une foi sinc\u00e8re et de tout l&rsquo;amour que l&rsquo;on doit \u00e0 Dieu, il s&rsquo;\u00e9crie \u00a0: \u00ab\u00a0Mon Seigneur et mon Dieu \u00a0! \u00a0\u00bb Et le Seigneur lui dit \u00a0: \u00ab\u00a0Parce que tu m&rsquo;as vu, tu as cru \u00a0; heureux ceux qui n&rsquo;ont pas vu et qui ont cru \u00a0! \u00a0\u00bb Thomas, porte la nouvelle de ma r\u00e9surrection \u00e0 ceux qui ne m&rsquo;ont pas vu. Entra\u00eene toute la terre \u00e0 croire non \u00e0 ses yeux, mais \u00e0 ta parole. Parcours les peuples et les cit\u00e9s lointaines. Apprends-leur \u00e0 porter la croix sur les \u00e9paules au lieu des armes. Ne fais que m&rsquo;annoncer \u00a0: ils croiront et m&rsquo;adoreront. Ils n&rsquo;exigeront pas d&rsquo;autres preuves. Dis-leur qu&rsquo;ils sont appel\u00e9s par la gr\u00e2ce, et toi, contemple leur foi \u00a0: Heureux, en v\u00e9rit\u00e9, ceux qui n&rsquo;ont pas vu et qui ont cru \u00a0!<\/p>\n<p>Telle est l&rsquo;arm\u00e9e que l\u00e8ve le Seigneur \u00a0; tels sont les enfants de la piscine baptismale, les \u0153uvres de la gr\u00e2ce, la moisson de l&rsquo;Esprit. Ils ont suivi le Christ sans l&rsquo;avoir vu, ils l&rsquo;ont cherch\u00e9 et ils ont cru. Ils l&rsquo;ont reconnu avec les yeux de la foi, non ceux du corps. Ils n&rsquo;ont pas mis leur doigt dans les marques des clous, mais ils se sont attach\u00e9s \u00e0 sa croix et ont embrass\u00e9 ses souffrances. Ils n&rsquo;ont pas vu le c\u00f4t\u00e9 du Seigneur, mais par la gr\u00e2ce, ils sont devenus les membres de son corps et ils ont fait leur sa parole \u00a0: \u00ab\u00a0Heureux ceux qui n&rsquo;ont pas vu et qui ont cru \u00a0! \u00a0\u00bb<\/p>\n<h3 class=\"GospelCommentaryAuthor-name commentary-author font-2\">Basile de S\u00e9leucie (?-v. 468)<\/h3>\n<p>&nbsp;<\/p>\n<p>&nbsp;<\/p>\n","protected":false},"excerpt":{"rendered":"<p>\u00ab\u00a0Mets ton doigt dans la marque des clous. \u00a0\u00bb Tu me cherchais quand je n&rsquo;\u00e9tais pas l\u00e0, profites-en maintenant. Je connais ton d\u00e9sir malgr\u00e9 ton silence. Avant que tu ne me le dises, je sais ce que tu penses. Je t&rsquo;ai entendu parler, et quoique invisible, j&rsquo;\u00e9tais aupr\u00e8s de toi, aupr\u00e8s de tes doutes \u00a0; [&hellip;]<\/p>\n","protected":false},"author":2,"featured_media":0,"comment_status":"closed","ping_status":"closed","sticky":false,"template":"","format":"standard","meta":{"footnotes":""},"categories":[3,13,28],"tags":[1318,425,1081],"class_list":["post-17675","post","type-post","status-publish","format-standard","hentry","category-liturgique","category-ecritures","category-saints-et-saintes","tag-basile-de-seleucie","tag-foi","tag-st-thomas"],"_links":{"self":[{"href":"https:\/\/www.associationdemarie.org\/blog\/wp-json\/wp\/v2\/posts\/17675","targetHints":{"allow":["GET"]}}],"collection":[{"href":"https:\/\/www.associationdemarie.org\/blog\/wp-json\/wp\/v2\/posts"}],"about":[{"href":"https:\/\/www.associationdemarie.org\/blog\/wp-json\/wp\/v2\/types\/post"}],"author":[{"embeddable":true,"href":"https:\/\/www.associationdemarie.org\/blog\/wp-json\/wp\/v2\/users\/2"}],"replies":[{"embeddable":true,"href":"https:\/\/www.associationdemarie.org\/blog\/wp-json\/wp\/v2\/comments?post=17675"}],"version-history":[{"count":2,"href":"https:\/\/www.associationdemarie.org\/blog\/wp-json\/wp\/v2\/posts\/17675\/revisions"}],"predecessor-version":[{"id":17678,"href":"https:\/\/www.associationdemarie.org\/blog\/wp-json\/wp\/v2\/posts\/17675\/revisions\/17678"}],"wp:attachment":[{"href":"https:\/\/www.associationdemarie.org\/blog\/wp-json\/wp\/v2\/media?parent=17675"}],"wp:term":[{"taxonomy":"category","embeddable":true,"href":"https:\/\/www.associationdemarie.org\/blog\/wp-json\/wp\/v2\/categories?post=17675"},{"taxonomy":"post_tag","embeddable":true,"href":"https:\/\/www.associationdemarie.org\/blog\/wp-json\/wp\/v2\/tags?post=17675"}],"curies":[{"name":"wp","href":"https:\/\/api.w.org\/{rel}","templated":true}]}}