{"id":17668,"date":"2019-07-01T01:36:03","date_gmt":"2019-07-01T00:36:03","guid":{"rendered":"http:\/\/www.associationdemarie.org\/blog\/?p=17668"},"modified":"2019-06-15T08:38:21","modified_gmt":"2019-06-15T07:38:21","slug":"conservez-au-coeur-le-brulant-desir-de-vous-unir-au-christ-pauvre-et-crucifie","status":"publish","type":"post","link":"https:\/\/www.associationdemarie.org\/blog\/conservez-au-coeur-le-brulant-desir-de-vous-unir-au-christ-pauvre-et-crucifie\/","title":{"rendered":"Conservez au c\u0153ur le br\u00fblant d\u00e9sir de vous unir au Christ pauvre et crucifi\u00e9"},"content":{"rendered":"<p><img loading=\"lazy\" decoding=\"async\" class=\"aligncenter  wp-image-17669\" src=\"https:\/\/www.associationdemarie.org\/blog\/wp-content\/uploads\/2019\/06\/Chiarapiedicrocifisso.jpg\" alt=\"\" width=\"325\" height=\"407\" srcset=\"https:\/\/www.associationdemarie.org\/blog\/wp-content\/uploads\/2019\/06\/Chiarapiedicrocifisso.jpg 265w, https:\/\/www.associationdemarie.org\/blog\/wp-content\/uploads\/2019\/06\/Chiarapiedicrocifisso-239x300.jpg 239w\" sizes=\"auto, (max-width: 325px) 100vw, 325px\" \/><\/p>\n<p>S\u0153ur tr\u00e8s ch\u00e8re, ou plut\u00f4t Dame que je ne saurais trop r\u00e9v\u00e9rer puisque vous \u00eates \u00e0 la fois \u00e9pouse, m\u00e8re et s\u0153ur de mon Seigneur J\u00e9sus-Christ, armez-vous de courage pour le service de Dieu sous le glorieux \u00e9tendard de l&rsquo;inviolable virginit\u00e9 et de la tr\u00e8s sainte pauvret\u00e9\u00a0; conservez au c\u0153ur le br\u00fblant d\u00e9sir de vous unir au Christ pauvre et crucifi\u00e9, qui a souffert pour nous tous le supplice de la croix, qui nous a ainsi arrach\u00e9s \u00e0 la puissance du prince des t\u00e9n\u00e8bres dont la faute de nos premiers parents nous avait rendus esclaves et qui nous a r\u00e9concili\u00e9s avec Dieu son P\u00e8re.<\/p>\n<p>\u00d4 bienheureuse pauvret\u00e9, qui prodigue des richesses \u00e9ternelles \u00e0 ceux qui l&rsquo;aiment et la pratiquent\u00a0! \u00d4 sainte pauvret\u00e9, en \u00e9change de laquelle Dieu offre et promet formellement le royaume des cieux, la gloire \u00e9ternelle et la vie bienheureuse\u00a0! \u00d4 ch\u00e8re pauvret\u00e9, que le Seigneur J\u00e9sus-Christ a daign\u00e9 pr\u00e9f\u00e9rer \u00e0 toute autre chose, lui qui, de toute \u00e9ternit\u00e9, r\u00e9gnait sur le ciel et sur la terre, lui qui a parl\u00e9 et tout a \u00e9t\u00e9 fait\u00a0! Les renards, disait-il, ont une tani\u00e8re, et les oiseaux du ciel leur nid, mais le Fils de l&rsquo;Homme, c&rsquo;est-\u00e0-dire le Christ, n&rsquo;a pas trouv\u00e9 o\u00f9 reposer sa t\u00eate\u00a0; quand il a laiss\u00e9 reposer sa t\u00eate, ce fut pour jamais, et il rendit l&rsquo;esprit.<\/p>\n<h3 class=\"GospelCommentaryAuthor-name commentary-author font-2\">Sainte Claire d&rsquo;Assise (1193-1252)<\/h3>\n<p>&nbsp;<\/p>\n<p>&nbsp;<\/p>\n<p>&nbsp;<\/p>\n","protected":false},"excerpt":{"rendered":"<p>S\u0153ur tr\u00e8s ch\u00e8re, ou plut\u00f4t Dame que je ne saurais trop r\u00e9v\u00e9rer puisque vous \u00eates \u00e0 la fois \u00e9pouse, m\u00e8re et s\u0153ur de mon Seigneur J\u00e9sus-Christ, armez-vous de courage pour le service de Dieu sous le glorieux \u00e9tendard de l&rsquo;inviolable virginit\u00e9 et de la tr\u00e8s sainte pauvret\u00e9\u00a0; conservez au c\u0153ur le br\u00fblant d\u00e9sir de vous [&hellip;]<\/p>\n","protected":false},"author":2,"featured_media":0,"comment_status":"closed","ping_status":"closed","sticky":false,"template":"","format":"standard","meta":{"footnotes":""},"categories":[13,1261],"tags":[274,777,1090],"class_list":["post-17668","post","type-post","status-publish","format-standard","hentry","category-ecritures","category-enseignement-2","tag-croix","tag-passion","tag-ste-claire"],"_links":{"self":[{"href":"https:\/\/www.associationdemarie.org\/blog\/wp-json\/wp\/v2\/posts\/17668","targetHints":{"allow":["GET"]}}],"collection":[{"href":"https:\/\/www.associationdemarie.org\/blog\/wp-json\/wp\/v2\/posts"}],"about":[{"href":"https:\/\/www.associationdemarie.org\/blog\/wp-json\/wp\/v2\/types\/post"}],"author":[{"embeddable":true,"href":"https:\/\/www.associationdemarie.org\/blog\/wp-json\/wp\/v2\/users\/2"}],"replies":[{"embeddable":true,"href":"https:\/\/www.associationdemarie.org\/blog\/wp-json\/wp\/v2\/comments?post=17668"}],"version-history":[{"count":1,"href":"https:\/\/www.associationdemarie.org\/blog\/wp-json\/wp\/v2\/posts\/17668\/revisions"}],"predecessor-version":[{"id":17670,"href":"https:\/\/www.associationdemarie.org\/blog\/wp-json\/wp\/v2\/posts\/17668\/revisions\/17670"}],"wp:attachment":[{"href":"https:\/\/www.associationdemarie.org\/blog\/wp-json\/wp\/v2\/media?parent=17668"}],"wp:term":[{"taxonomy":"category","embeddable":true,"href":"https:\/\/www.associationdemarie.org\/blog\/wp-json\/wp\/v2\/categories?post=17668"},{"taxonomy":"post_tag","embeddable":true,"href":"https:\/\/www.associationdemarie.org\/blog\/wp-json\/wp\/v2\/tags?post=17668"}],"curies":[{"name":"wp","href":"https:\/\/api.w.org\/{rel}","templated":true}]}}