{"id":17664,"date":"2019-06-30T01:36:09","date_gmt":"2019-06-30T00:36:09","guid":{"rendered":"http:\/\/www.associationdemarie.org\/blog\/?p=17664"},"modified":"2019-06-14T07:37:41","modified_gmt":"2019-06-14T06:37:41","slug":"suis-moi-4","status":"publish","type":"post","link":"https:\/\/www.associationdemarie.org\/blog\/suis-moi-4\/","title":{"rendered":"\u00ab Suis-moi ! \u00bb"},"content":{"rendered":"<p><img loading=\"lazy\" decoding=\"async\" class=\"aligncenter  wp-image-17665\" src=\"https:\/\/www.associationdemarie.org\/blog\/wp-content\/uploads\/2019\/06\/WrKB046fKtxZ9V2fLAKItrxU9VE.jpg\" alt=\"\" width=\"449\" height=\"221\" srcset=\"https:\/\/www.associationdemarie.org\/blog\/wp-content\/uploads\/2019\/06\/WrKB046fKtxZ9V2fLAKItrxU9VE.jpg 610w, https:\/\/www.associationdemarie.org\/blog\/wp-content\/uploads\/2019\/06\/WrKB046fKtxZ9V2fLAKItrxU9VE-300x148.jpg 300w\" sizes=\"auto, (max-width: 449px) 100vw, 449px\" \/><\/p>\n<p>Le Sauveur nous a pr\u00e9c\u00e9d\u00e9s sur le chemin de la pauvret\u00e9. Tous les biens du ciel et de la terre lui appartenaient. Ils ne pr\u00e9sentaient pour lui aucun danger\u00a0; il pouvait en faire usage tout en gardant son c\u0153ur enti\u00e8rement libre. Mais il savait qu&rsquo;il est presque impossible \u00e0 un \u00eatre humain de poss\u00e9der des biens sans s&rsquo;y subordonner et en devenir esclave. C&rsquo;est pourquoi il a tout abandonn\u00e9 et nous a montr\u00e9 ainsi par son exemple plus encore que par ses paroles que seul poss\u00e8de tout celui qui ne poss\u00e8de rien. Sa naissance dans une \u00e9table et sa fuite en \u00c9gypte montraient d\u00e9j\u00e0 que le Fils de l&rsquo;homme ne devait pas avoir d&rsquo;endroit o\u00f9 reposer la t\u00eate. Qui veut le suivre doit savoir que nous n&rsquo;avons pas ici-bas de demeure permanente. Plus vivement nous en prendrons conscience, plus ardemment nous tendrons vers notre demeure future et nous exulterons \u00e0 la pens\u00e9e que nous avons droit de cit\u00e9 au ciel.<\/p>\n<h3 class=\"GospelCommentaryAuthor-name commentary-author font-2\">Sainte Th\u00e9r\u00e8se-B\u00e9n\u00e9dicte de la Croix [\u00c9dith Stein] (1891-1942)<\/h3>\n<p>&nbsp;<\/p>\n<p>&nbsp;<\/p>\n<p>&nbsp;<\/p>\n","protected":false},"excerpt":{"rendered":"<p>Le Sauveur nous a pr\u00e9c\u00e9d\u00e9s sur le chemin de la pauvret\u00e9. Tous les biens du ciel et de la terre lui appartenaient. Ils ne pr\u00e9sentaient pour lui aucun danger\u00a0; il pouvait en faire usage tout en gardant son c\u0153ur enti\u00e8rement libre. Mais il savait qu&rsquo;il est presque impossible \u00e0 un \u00eatre humain de poss\u00e9der des [&hellip;]<\/p>\n","protected":false},"author":2,"featured_media":0,"comment_status":"closed","ping_status":"closed","sticky":false,"template":"","format":"standard","meta":{"footnotes":""},"categories":[13,1261],"tags":[1108],"class_list":["post-17664","post","type-post","status-publish","format-standard","hentry","category-ecritures","category-enseignement-2","tag-ste-therese-benedicte-de-la-croix"],"_links":{"self":[{"href":"https:\/\/www.associationdemarie.org\/blog\/wp-json\/wp\/v2\/posts\/17664","targetHints":{"allow":["GET"]}}],"collection":[{"href":"https:\/\/www.associationdemarie.org\/blog\/wp-json\/wp\/v2\/posts"}],"about":[{"href":"https:\/\/www.associationdemarie.org\/blog\/wp-json\/wp\/v2\/types\/post"}],"author":[{"embeddable":true,"href":"https:\/\/www.associationdemarie.org\/blog\/wp-json\/wp\/v2\/users\/2"}],"replies":[{"embeddable":true,"href":"https:\/\/www.associationdemarie.org\/blog\/wp-json\/wp\/v2\/comments?post=17664"}],"version-history":[{"count":2,"href":"https:\/\/www.associationdemarie.org\/blog\/wp-json\/wp\/v2\/posts\/17664\/revisions"}],"predecessor-version":[{"id":17667,"href":"https:\/\/www.associationdemarie.org\/blog\/wp-json\/wp\/v2\/posts\/17664\/revisions\/17667"}],"wp:attachment":[{"href":"https:\/\/www.associationdemarie.org\/blog\/wp-json\/wp\/v2\/media?parent=17664"}],"wp:term":[{"taxonomy":"category","embeddable":true,"href":"https:\/\/www.associationdemarie.org\/blog\/wp-json\/wp\/v2\/categories?post=17664"},{"taxonomy":"post_tag","embeddable":true,"href":"https:\/\/www.associationdemarie.org\/blog\/wp-json\/wp\/v2\/tags?post=17664"}],"curies":[{"name":"wp","href":"https:\/\/api.w.org\/{rel}","templated":true}]}}