{"id":17646,"date":"2019-06-25T01:32:21","date_gmt":"2019-06-25T00:32:21","guid":{"rendered":"http:\/\/www.associationdemarie.org\/blog\/?p=17646"},"modified":"2019-06-10T07:34:00","modified_gmt":"2019-06-10T06:34:00","slug":"entrez-par-la-porte-etroite","status":"publish","type":"post","link":"https:\/\/www.associationdemarie.org\/blog\/entrez-par-la-porte-etroite\/","title":{"rendered":"\u00ab Entrez par la porte \u00e9troite. \u00bb"},"content":{"rendered":"<p><img loading=\"lazy\" decoding=\"async\" class=\"aligncenter  wp-image-17647\" src=\"https:\/\/www.associationdemarie.org\/blog\/wp-content\/uploads\/2019\/06\/e97d0a14.gif\" alt=\"\" width=\"472\" height=\"240\" \/><\/p>\n<p>Le Seigneur, se cherchant un ouvrier dans la foule \u00e0 laquelle il lance ses appels, dit\u00a0: \u00ab\u00a0Qui est celui qui veut la vie et souhaite voir des jours heureux\u00a0?\u00a0\u00bb (Ps 33,13) Si, entendant cela, tu r\u00e9ponds\u00a0: \u00ab\u00a0Moi\u00a0!\u00a0\u00bb, Dieu te dit\u00a0: \u00ab\u00a0Si tu veux avoir la vie, la vie vraie et \u00e9ternelle, garde ta langue du mal, et que tes l\u00e8vres ne disent pas de parole trompeuse. D\u00e9tourne-toi du mal et accomplis le bien, recherche la paix et poursuis-la\u00a0\u00bb (Ps 33,14-15). (&#8230;) Quoi de plus doux pour nous, fr\u00e8res tr\u00e8s chers, que cette voix du Seigneur qui nous invite\u00a0? Voici que, dans sa bont\u00e9, le Seigneur nous indique le chemin de la vie. Ayant donc ceint nos reins (Ep 6,14) de la foi et de la pratique des bonnes actions, sous la direction de l&rsquo;\u00c9vangile, avan\u00e7ons sur ses routes, afin que nous m\u00e9ritions de voir celui qui nous a appel\u00e9s dans son Royaume (1Th 2,12). Si nous voulons habiter dans les tentes de ce Royaume, \u00e0 moins d&rsquo;y courir par les bonnes actions, on n&rsquo;y parvient absolument pas. Avec le proph\u00e8te, interrogeons le Seigneur et disons-lui\u00a0: \u00ab\u00a0Seigneur, qui habitera sous ta tente\u00a0? Qui reposera sur ta montagne sainte\u00a0?\u00a0\u00bb (Ps 14,1) Apr\u00e8s cette demande, fr\u00e8res, \u00e9coutons le Seigneur nous r\u00e9pondre en nous montrant le chemin. (&#8230;)<\/p>\n<p>Nous allons donc \u00e9tablir une \u00e9cole du service du Seigneur, o\u00f9 nous esp\u00e9rons n&rsquo;\u00e9tablir rien de rigoureux, rien d&rsquo;accablant. Mais s&rsquo;il se pr\u00e9sentait quelque chose d&rsquo;un petit peu s\u00e9v\u00e8re, exig\u00e9 pour une raison de justice \u00e0 cause de la correction des vices et du maintien de la charit\u00e9, ne fuis pas aussit\u00f4t, frapp\u00e9 de terreur, le chemin du salut, o\u00f9 l&rsquo;on ne doit s&rsquo;engager que par une porte \u00e9troite. D&rsquo;ailleurs, gr\u00e2ce aux progr\u00e8s de la vie et de la foi, le c\u0153ur dilat\u00e9, dans l&rsquo;ineffable douceur de l&rsquo;amour, on court dans la voie des commandements de Dieu (Ps 118,32). Ainsi, ne nous \u00e9cartant jamais de son enseignement et pers\u00e9v\u00e9rant dans sa doctrine (&#8230;) jusqu&rsquo;\u00e0 la mort, nous participerons par la patience aux souffrances du Christ (1P 4,13) pour que nous m\u00e9ritions d&rsquo;avoir part aussi \u00e0 son Royaume.<\/p>\n<h3 class=\"GospelCommentaryAuthor-name commentary-author font-2\">Saint Beno\u00eet (480-547)<\/h3>\n<p>&nbsp;<\/p>\n<p>&nbsp;<\/p>\n<p>&nbsp;<\/p>\n","protected":false},"excerpt":{"rendered":"<p>Le Seigneur, se cherchant un ouvrier dans la foule \u00e0 laquelle il lance ses appels, dit\u00a0: \u00ab\u00a0Qui est celui qui veut la vie et souhaite voir des jours heureux\u00a0?\u00a0\u00bb (Ps 33,13) Si, entendant cela, tu r\u00e9ponds\u00a0: \u00ab\u00a0Moi\u00a0!\u00a0\u00bb, Dieu te dit\u00a0: \u00ab\u00a0Si tu veux avoir la vie, la vie vraie et \u00e9ternelle, garde ta langue du [&hellip;]<\/p>\n","protected":false},"author":2,"featured_media":0,"comment_status":"closed","ping_status":"closed","sticky":false,"template":"","format":"standard","meta":{"footnotes":""},"categories":[13,1261],"tags":[816,1016],"class_list":["post-17646","post","type-post","status-publish","format-standard","hentry","category-ecritures","category-enseignement-2","tag-porte","tag-st-benoit"],"_links":{"self":[{"href":"https:\/\/www.associationdemarie.org\/blog\/wp-json\/wp\/v2\/posts\/17646","targetHints":{"allow":["GET"]}}],"collection":[{"href":"https:\/\/www.associationdemarie.org\/blog\/wp-json\/wp\/v2\/posts"}],"about":[{"href":"https:\/\/www.associationdemarie.org\/blog\/wp-json\/wp\/v2\/types\/post"}],"author":[{"embeddable":true,"href":"https:\/\/www.associationdemarie.org\/blog\/wp-json\/wp\/v2\/users\/2"}],"replies":[{"embeddable":true,"href":"https:\/\/www.associationdemarie.org\/blog\/wp-json\/wp\/v2\/comments?post=17646"}],"version-history":[{"count":1,"href":"https:\/\/www.associationdemarie.org\/blog\/wp-json\/wp\/v2\/posts\/17646\/revisions"}],"predecessor-version":[{"id":17648,"href":"https:\/\/www.associationdemarie.org\/blog\/wp-json\/wp\/v2\/posts\/17646\/revisions\/17648"}],"wp:attachment":[{"href":"https:\/\/www.associationdemarie.org\/blog\/wp-json\/wp\/v2\/media?parent=17646"}],"wp:term":[{"taxonomy":"category","embeddable":true,"href":"https:\/\/www.associationdemarie.org\/blog\/wp-json\/wp\/v2\/categories?post=17646"},{"taxonomy":"post_tag","embeddable":true,"href":"https:\/\/www.associationdemarie.org\/blog\/wp-json\/wp\/v2\/tags?post=17646"}],"curies":[{"name":"wp","href":"https:\/\/api.w.org\/{rel}","templated":true}]}}