{"id":17629,"date":"2019-06-20T01:25:33","date_gmt":"2019-06-20T00:25:33","guid":{"rendered":"http:\/\/www.associationdemarie.org\/blog\/?p=17629"},"modified":"2019-06-05T06:27:24","modified_gmt":"2019-06-05T05:27:24","slug":"la-priere-est-une-demande-de-ce-que-dieu-donne","status":"publish","type":"post","link":"https:\/\/www.associationdemarie.org\/blog\/la-priere-est-une-demande-de-ce-que-dieu-donne\/","title":{"rendered":"La pri\u00e8re est une demande de ce que Dieu donne"},"content":{"rendered":"<p><img loading=\"lazy\" decoding=\"async\" class=\"aligncenter  wp-image-17630\" src=\"https:\/\/www.associationdemarie.org\/blog\/wp-content\/uploads\/2019\/06\/4.jpg\" alt=\"\" width=\"476\" height=\"204\" srcset=\"https:\/\/www.associationdemarie.org\/blog\/wp-content\/uploads\/2019\/06\/4.jpg 696w, https:\/\/www.associationdemarie.org\/blog\/wp-content\/uploads\/2019\/06\/4-300x128.jpg 300w\" sizes=\"auto, (max-width: 476px) 100vw, 476px\" \/><\/p>\n<p>Comme je le disais, on trouvera que les paroles de la pri\u00e8re du Seigneur portent en elles la demande. Elle parle en effet du P\u00e8re, du nom du P\u00e8re et du Royaume. Elle montre, par ailleurs, que celui qui prie est fils de ce p\u00e8re dans la gr\u00e2ce. Elle demande que ceux qui sont dans le ciel et ceux qui sont sur la terre proviennent d\u2019une seule volont\u00e9. Elle prescrit de demander le pain \u00ab\u00a0\u00e9piousios\u00a0\u00bb [quotidien]. Elle donne aux hommes la loi de la r\u00e9conciliation\u00a0: et, par le fait de pardonner et d\u2019\u00eatre pardonn\u00e9, elle relie la nature \u00e0 elle-m\u00eame pour qu\u2019elle ne soit pas coup\u00e9e par la diff\u00e9rence des volont\u00e9s. Elle enseigne \u00e0 s\u2019efforcer, par la pri\u00e8re, de ne pas entrer dans la tentation, qui est la loi du p\u00e9ch\u00e9. Et elle exhorte \u00e0 se d\u00e9livrer du malin.<\/p>\n<p>Il fallait, en effet, que celui qui accomplit lui-m\u00eame les biens et les donne \u00e0 ceux qui croient en lui et imitent sa conduite dans la chair, soit aussi celui qui leur enseigne comme \u00e0 ses disciples, et leur offre tels les fondements de cette vie, les mots de la pri\u00e8re, ces mots par lesquels il r\u00e9v\u00e9lait les tr\u00e9sors cach\u00e9s de la sagesse et de la connaissance (cf. Col 2,3) qui demeurent sp\u00e9cifiquement en lui, d\u00e8s lors qu\u2019il portait de toute \u00e9vidence vers la jouissance de ces tr\u00e9sors le d\u00e9sir de ceux qui demandent.<\/p>\n<p>C\u2019est pourquoi, je pense, le Verbe a appel\u00e9 pri\u00e8re cet enseignement qui porte en lui la demande des dons que, par gr\u00e2ce, Dieu accorde aux hommes. Ainsi nos P\u00e8res inspir\u00e9s par Dieu ont expos\u00e9 et d\u00e9fini la pri\u00e8re en disant que la pri\u00e8re est une demande de ce que Dieu donne naturellement aux hommes comme il lui convient.<\/p>\n<h3 class=\"GospelCommentaryAuthor-name commentary-author font-2\">Saint Maxime le Confesseur (v. 580-662)<\/h3>\n<p>&nbsp;<\/p>\n<p>&nbsp;<\/p>\n<p>&nbsp;<\/p>\n","protected":false},"excerpt":{"rendered":"<p>Comme je le disais, on trouvera que les paroles de la pri\u00e8re du Seigneur portent en elles la demande. Elle parle en effet du P\u00e8re, du nom du P\u00e8re et du Royaume. Elle montre, par ailleurs, que celui qui prie est fils de ce p\u00e8re dans la gr\u00e2ce. Elle demande que ceux qui sont dans [&hellip;]<\/p>\n","protected":false},"author":2,"featured_media":0,"comment_status":"closed","ping_status":"closed","sticky":false,"template":"","format":"standard","meta":{"footnotes":""},"categories":[1261,26],"tags":[719,1520],"class_list":["post-17629","post","type-post","status-publish","format-standard","hentry","category-enseignement-2","category-priere-des-ames","tag-notre-pere","tag-st-maxime-le-confesseur"],"_links":{"self":[{"href":"https:\/\/www.associationdemarie.org\/blog\/wp-json\/wp\/v2\/posts\/17629","targetHints":{"allow":["GET"]}}],"collection":[{"href":"https:\/\/www.associationdemarie.org\/blog\/wp-json\/wp\/v2\/posts"}],"about":[{"href":"https:\/\/www.associationdemarie.org\/blog\/wp-json\/wp\/v2\/types\/post"}],"author":[{"embeddable":true,"href":"https:\/\/www.associationdemarie.org\/blog\/wp-json\/wp\/v2\/users\/2"}],"replies":[{"embeddable":true,"href":"https:\/\/www.associationdemarie.org\/blog\/wp-json\/wp\/v2\/comments?post=17629"}],"version-history":[{"count":1,"href":"https:\/\/www.associationdemarie.org\/blog\/wp-json\/wp\/v2\/posts\/17629\/revisions"}],"predecessor-version":[{"id":17631,"href":"https:\/\/www.associationdemarie.org\/blog\/wp-json\/wp\/v2\/posts\/17629\/revisions\/17631"}],"wp:attachment":[{"href":"https:\/\/www.associationdemarie.org\/blog\/wp-json\/wp\/v2\/media?parent=17629"}],"wp:term":[{"taxonomy":"category","embeddable":true,"href":"https:\/\/www.associationdemarie.org\/blog\/wp-json\/wp\/v2\/categories?post=17629"},{"taxonomy":"post_tag","embeddable":true,"href":"https:\/\/www.associationdemarie.org\/blog\/wp-json\/wp\/v2\/tags?post=17629"}],"curies":[{"name":"wp","href":"https:\/\/api.w.org\/{rel}","templated":true}]}}