{"id":17622,"date":"2019-06-18T01:11:50","date_gmt":"2019-06-18T00:11:50","guid":{"rendered":"http:\/\/www.associationdemarie.org\/blog\/?p=17622"},"modified":"2019-06-03T07:13:39","modified_gmt":"2019-06-03T06:13:39","slug":"aimez-vos-ennemis-3","status":"publish","type":"post","link":"https:\/\/www.associationdemarie.org\/blog\/aimez-vos-ennemis-3\/","title":{"rendered":"\u00ab Aimez vos ennemis. \u00bb"},"content":{"rendered":"<p><img loading=\"lazy\" decoding=\"async\" class=\"aligncenter  wp-image-17623\" src=\"https:\/\/www.associationdemarie.org\/blog\/wp-content\/uploads\/2019\/06\/C6oDCqJWYAElG6E.jpg\" alt=\"\" width=\"390\" height=\"327\" srcset=\"https:\/\/www.associationdemarie.org\/blog\/wp-content\/uploads\/2019\/06\/C6oDCqJWYAElG6E.jpg 940w, https:\/\/www.associationdemarie.org\/blog\/wp-content\/uploads\/2019\/06\/C6oDCqJWYAElG6E-300x251.jpg 300w, https:\/\/www.associationdemarie.org\/blog\/wp-content\/uploads\/2019\/06\/C6oDCqJWYAElG6E-768x644.jpg 768w\" sizes=\"auto, (max-width: 390px) 100vw, 390px\" \/><\/p>\n<p>Dans toutes les \u0153uvres de vraie charit\u00e9 parfaite dont je vous parle, rien n&rsquo;est \u00e0 faire avec les mains ou les pieds \u2014 donc personne ne peut dire qu&rsquo;il en est incapable ou infirme. (\u2026) Personne ne pourra y opposer de fa\u00e7on plausible une excuse quelconque, disant qu&rsquo;il ne peut pas mettre ces conseils en pratique. Car on ne te dit pas\u00a0: \u00ab\u00a0Je\u00fbne plus que tu ne peux, reste \u00e9veill\u00e9 la nuit plus que tu n&rsquo;en as la force\u00a0\u00bb (&#8230;)\u00a0; on ne t&rsquo;oblige pas \u00e0 vendre tous tes biens et tout donner aux pauvres, ni \u00e0 rester vierge. (\u2026) Que celui qui peut accomplir tout cela rende gr\u00e2ce \u00e0 Dieu. Et que celui qui ne peut pas le faire garde la vraie charit\u00e9, et en elle il poss\u00e9dera tout, car l&rsquo;amour suffit, m\u00eame sans toutes ces bonnes \u0153uvres. Mais ces bonnes \u0153uvres sans l&rsquo;amour ne servent \u00e0 rien du tout. C&rsquo;est pourquoi je vous dis et redis tout cela, fr\u00e8res tr\u00e8s chers, pour que vous puissiez comprendre toujours mieux que personne ne peut pr\u00e9tendre ne pas pouvoir accomplir les commandements de Dieu. (\u2026)<\/p>\n<p>Gardez donc le lien doux et salutaire de l&rsquo;amour, sans lequel le riche est pauvre et avec lequel le pauvre est riche. Que poss\u00e8de le riche s&rsquo;il n&rsquo;a pas la charit\u00e9\u00a0? (&#8230;) Et puisque, comme le dit l&rsquo;\u00e9vang\u00e9liste Jean, \u00ab\u00a0Dieu est amour\u00a0\u00bb (1Jn 4,8), qu&rsquo;est-ce qui pourra manquer au pauvre, si par la charit\u00e9 il m\u00e9rite de poss\u00e9der Dieu\u00a0? (\u2026) Aimez donc, fr\u00e8res tr\u00e8s chers, et gardez la charit\u00e9, sans laquelle personne ne verra jamais Dieu.<\/p>\n<h3 class=\"GospelCommentaryAuthor-name commentary-author font-2\">Saint C\u00e9saire d&rsquo;Arles (470-543)<\/h3>\n<p>&nbsp;<\/p>\n<p>&nbsp;<\/p>\n<p>&nbsp;<\/p>\n","protected":false},"excerpt":{"rendered":"<p>Dans toutes les \u0153uvres de vraie charit\u00e9 parfaite dont je vous parle, rien n&rsquo;est \u00e0 faire avec les mains ou les pieds \u2014 donc personne ne peut dire qu&rsquo;il en est incapable ou infirme. (\u2026) Personne ne pourra y opposer de fa\u00e7on plausible une excuse quelconque, disant qu&rsquo;il ne peut pas mettre ces conseils en [&hellip;]<\/p>\n","protected":false},"author":2,"featured_media":0,"comment_status":"closed","ping_status":"closed","sticky":false,"template":"","format":"standard","meta":{"footnotes":""},"categories":[13,1261],"tags":[65,203,355,1229],"class_list":["post-17622","post","type-post","status-publish","format-standard","hentry","category-ecritures","category-enseignement-2","tag-amour-et-paix","tag-charite","tag-ennemi","tag-st-cesaire-darles"],"_links":{"self":[{"href":"https:\/\/www.associationdemarie.org\/blog\/wp-json\/wp\/v2\/posts\/17622","targetHints":{"allow":["GET"]}}],"collection":[{"href":"https:\/\/www.associationdemarie.org\/blog\/wp-json\/wp\/v2\/posts"}],"about":[{"href":"https:\/\/www.associationdemarie.org\/blog\/wp-json\/wp\/v2\/types\/post"}],"author":[{"embeddable":true,"href":"https:\/\/www.associationdemarie.org\/blog\/wp-json\/wp\/v2\/users\/2"}],"replies":[{"embeddable":true,"href":"https:\/\/www.associationdemarie.org\/blog\/wp-json\/wp\/v2\/comments?post=17622"}],"version-history":[{"count":1,"href":"https:\/\/www.associationdemarie.org\/blog\/wp-json\/wp\/v2\/posts\/17622\/revisions"}],"predecessor-version":[{"id":17624,"href":"https:\/\/www.associationdemarie.org\/blog\/wp-json\/wp\/v2\/posts\/17622\/revisions\/17624"}],"wp:attachment":[{"href":"https:\/\/www.associationdemarie.org\/blog\/wp-json\/wp\/v2\/media?parent=17622"}],"wp:term":[{"taxonomy":"category","embeddable":true,"href":"https:\/\/www.associationdemarie.org\/blog\/wp-json\/wp\/v2\/categories?post=17622"},{"taxonomy":"post_tag","embeddable":true,"href":"https:\/\/www.associationdemarie.org\/blog\/wp-json\/wp\/v2\/tags?post=17622"}],"curies":[{"name":"wp","href":"https:\/\/api.w.org\/{rel}","templated":true}]}}