{"id":17615,"date":"2019-06-16T01:45:02","date_gmt":"2019-06-16T00:45:02","guid":{"rendered":"http:\/\/www.associationdemarie.org\/blog\/?p=17615"},"modified":"2019-05-31T07:50:38","modified_gmt":"2019-05-31T06:50:38","slug":"reconnaissant-la-gloire-de-leternelle-trinite-en-adorant-son-unite-toute-puissante-collecte","status":"publish","type":"post","link":"https:\/\/www.associationdemarie.org\/blog\/reconnaissant-la-gloire-de-leternelle-trinite-en-adorant-son-unite-toute-puissante-collecte\/","title":{"rendered":"\u00ab Reconnaissant la gloire de l&rsquo;\u00e9ternelle Trinit\u00e9, en adorant son unit\u00e9 toute puissante. \u00bb (Collecte)"},"content":{"rendered":"<p><img loading=\"lazy\" decoding=\"async\" class=\"aligncenter  wp-image-17616\" src=\"https:\/\/www.associationdemarie.org\/blog\/wp-content\/uploads\/2019\/05\/Sainte-Trinit\u00e9-4.jpg\" alt=\"\" width=\"469\" height=\"293\" srcset=\"https:\/\/www.associationdemarie.org\/blog\/wp-content\/uploads\/2019\/05\/Sainte-Trinit\u00e9-4.jpg 600w, https:\/\/www.associationdemarie.org\/blog\/wp-content\/uploads\/2019\/05\/Sainte-Trinit\u00e9-4-300x188.jpg 300w\" sizes=\"auto, (max-width: 469px) 100vw, 469px\" \/><\/p>\n<p>La v\u00e9rit\u00e9 sur la tr\u00e8s sainte Trinit\u00e9 m&rsquo;avait \u00e9t\u00e9 expos\u00e9e par des th\u00e9ologiens mais je ne l&rsquo;avais pas comprise comme je le fais \u00e0 pr\u00e9sent, apr\u00e8s ce que Dieu m&rsquo;a montr\u00e9. (&#8230;) Ce qui me fut repr\u00e9sent\u00e9, ce sont trois Personnes distinctes, que l&rsquo;on peut consid\u00e9rer et entretenir s\u00e9par\u00e9ment. Je me suis dit ensuite que le Fils seul s&rsquo;est incarn\u00e9, ce qui montre clairement la r\u00e9alit\u00e9 de cette distinction. Ces Personnes se connaissent, s&rsquo;aiment et communiquent entre elles. Mais si chaque Personne est distincte, comment disons-nous qu&rsquo;elles n&rsquo;ont toutes trois qu&rsquo;une seule essence\u00a0? De fait, c&rsquo;est l\u00e0 ce que nous croyons\u00a0; c&rsquo;est une v\u00e9rit\u00e9 absolue, pour laquelle je souffrirais mille fois la mort. Ces trois Personnes n&rsquo;ont qu&rsquo;un seul vouloir, un seul pouvoir, une seule souverainet\u00e9, de sorte qu&rsquo;aucune d&rsquo;elles ne peut rien sans les autres et qu&rsquo;il n&rsquo;y a qu&rsquo;un seul Cr\u00e9ateur de tout ce qui est cr\u00e9\u00e9. Le Fils pourrait-il cr\u00e9er une fourmi sans le P\u00e8re\u00a0? Non, parce qu&rsquo;ils n&rsquo;ont qu&rsquo;un m\u00eame pouvoir. Il en est de m\u00eame du Saint-Esprit.<\/p>\n<p>Ainsi, il n&rsquo;y a qu&rsquo;un seul Dieu tout-puissant, et les trois Personnes ne forment qu&rsquo;une seule Majest\u00e9. Quelqu&rsquo;un pourrait-il aimer le P\u00e8re, sans aimer le Fils et l&rsquo;Esprit Saint\u00a0? Non, mais celui qui se rend agr\u00e9able \u00e0 l&rsquo;une de ces trois Personnes, se rend agr\u00e9able \u00e0 toutes les trois, et celui qui offense l&rsquo;une d&rsquo;elles offense les deux autres. Le P\u00e8re peut-il exister sans le Fils et sans l&rsquo;Esprit Saint\u00a0? Non, parce qu&rsquo;ils n&rsquo;ont qu&rsquo;une m\u00eame essence, et l\u00e0 o\u00f9 se trouve une des Personnes se trouvent les deux autres, parce qu&rsquo;elles ne peuvent pas se s\u00e9parer.<\/p>\n<p>Comment donc voyons-nous trois Personnes distinctes\u00a0? Comment le Fils s&rsquo;est-il incarn\u00e9, et non le P\u00e8re ou l&rsquo;Esprit Saint\u00a0? Je ne l&rsquo;ai pas saisi\u00a0; les th\u00e9ologiens le savent. Ce que je sais, c&rsquo;est que les trois Personnes ont concouru \u00e0 cette \u0153uvre merveilleuse. Au reste, je ne m&rsquo;arr\u00eate pas longtemps \u00e0 des questions de ce genre\u00a0; mon esprit s&rsquo;attache aussit\u00f4t \u00e0 cette v\u00e9rit\u00e9 que Dieu est tout-puissant, que l&rsquo;ayant ainsi voulu, il l&rsquo;a pu, et qu&rsquo;il pourra de m\u00eame tout ce qu&rsquo;il voudra. Moins je comprends ces choses, plus je les crois, et plus elles me donnent de d\u00e9votion. Dieu soit \u00e0 jamais b\u00e9ni\u00a0! Amen.<\/p>\n<h3 class=\"commentary-author font-2 ng-binding\">Sainte Th\u00e9r\u00e8se d&rsquo;Avila (1515-1582)<\/h3>\n<p>&nbsp;<\/p>\n<p>&nbsp;<\/p>\n<p>&nbsp;<\/p>\n","protected":false},"excerpt":{"rendered":"<p>La v\u00e9rit\u00e9 sur la tr\u00e8s sainte Trinit\u00e9 m&rsquo;avait \u00e9t\u00e9 expos\u00e9e par des th\u00e9ologiens mais je ne l&rsquo;avais pas comprise comme je le fais \u00e0 pr\u00e9sent, apr\u00e8s ce que Dieu m&rsquo;a montr\u00e9. (&#8230;) Ce qui me fut repr\u00e9sent\u00e9, ce sont trois Personnes distinctes, que l&rsquo;on peut consid\u00e9rer et entretenir s\u00e9par\u00e9ment. Je me suis dit ensuite que [&hellip;]<\/p>\n","protected":false},"author":2,"featured_media":0,"comment_status":"closed","ping_status":"closed","sticky":false,"template":"","format":"standard","meta":{"footnotes":""},"categories":[13,1261],"tags":[1109,1110],"class_list":["post-17615","post","type-post","status-publish","format-standard","hentry","category-ecritures","category-enseignement-2","tag-ste-therese-davila","tag-ste-trinite"],"_links":{"self":[{"href":"https:\/\/www.associationdemarie.org\/blog\/wp-json\/wp\/v2\/posts\/17615","targetHints":{"allow":["GET"]}}],"collection":[{"href":"https:\/\/www.associationdemarie.org\/blog\/wp-json\/wp\/v2\/posts"}],"about":[{"href":"https:\/\/www.associationdemarie.org\/blog\/wp-json\/wp\/v2\/types\/post"}],"author":[{"embeddable":true,"href":"https:\/\/www.associationdemarie.org\/blog\/wp-json\/wp\/v2\/users\/2"}],"replies":[{"embeddable":true,"href":"https:\/\/www.associationdemarie.org\/blog\/wp-json\/wp\/v2\/comments?post=17615"}],"version-history":[{"count":2,"href":"https:\/\/www.associationdemarie.org\/blog\/wp-json\/wp\/v2\/posts\/17615\/revisions"}],"predecessor-version":[{"id":17618,"href":"https:\/\/www.associationdemarie.org\/blog\/wp-json\/wp\/v2\/posts\/17615\/revisions\/17618"}],"wp:attachment":[{"href":"https:\/\/www.associationdemarie.org\/blog\/wp-json\/wp\/v2\/media?parent=17615"}],"wp:term":[{"taxonomy":"category","embeddable":true,"href":"https:\/\/www.associationdemarie.org\/blog\/wp-json\/wp\/v2\/categories?post=17615"},{"taxonomy":"post_tag","embeddable":true,"href":"https:\/\/www.associationdemarie.org\/blog\/wp-json\/wp\/v2\/tags?post=17615"}],"curies":[{"name":"wp","href":"https:\/\/api.w.org\/{rel}","templated":true}]}}