{"id":17586,"date":"2019-06-10T01:42:21","date_gmt":"2019-06-10T00:42:21","guid":{"rendered":"http:\/\/www.associationdemarie.org\/blog\/?p=17586"},"modified":"2019-05-26T06:44:00","modified_gmt":"2019-05-26T05:44:00","slug":"de-la-douceur-et-de-labsence-de-colere","status":"publish","type":"post","link":"https:\/\/www.associationdemarie.org\/blog\/de-la-douceur-et-de-labsence-de-colere\/","title":{"rendered":"De la douceur et de l&rsquo;absence de col\u00e8re"},"content":{"rendered":"<p><img loading=\"lazy\" decoding=\"async\" class=\"aligncenter  wp-image-17587\" src=\"https:\/\/www.associationdemarie.org\/blog\/wp-content\/uploads\/2019\/05\/ob_b632b0_6e-di-to-c-20190217.jpg\" alt=\"\" width=\"396\" height=\"368\" srcset=\"https:\/\/www.associationdemarie.org\/blog\/wp-content\/uploads\/2019\/05\/ob_b632b0_6e-di-to-c-20190217.jpg 936w, https:\/\/www.associationdemarie.org\/blog\/wp-content\/uploads\/2019\/05\/ob_b632b0_6e-di-to-c-20190217-300x278.jpg 300w, https:\/\/www.associationdemarie.org\/blog\/wp-content\/uploads\/2019\/05\/ob_b632b0_6e-di-to-c-20190217-768x712.jpg 768w\" sizes=\"auto, (max-width: 396px) 100vw, 396px\" \/><\/p>\n<p>Si c&rsquo;est la marque de la supr\u00eame douceur que de garder un c\u0153ur plein de s\u00e9r\u00e9nit\u00e9 et de charit\u00e9 \u00e0 l&rsquo;\u00e9gard de celui qui nous a offens\u00e9s en sa pr\u00e9sence m\u00eame, c&rsquo;est certainement la marque de la col\u00e8re que de continuer \u00e0 se battre et \u00e0 s&#8217;emporter en paroles et en gestes contre celui qui nous a contrari\u00e9s, en son absence et quand nous sommes seuls. Le commencement de cette victoire sur la col\u00e8re est le silence des l\u00e8vres quand le c\u0153ur est agit\u00e9\u00a0; le progr\u00e8s en est marqu\u00e9 par le silence des pens\u00e9es devant un simple trouble de l&rsquo;\u00e2me\u00a0; et la perfection en est la s\u00e9r\u00e9nit\u00e9 imperturbable de l&rsquo;\u00e2me sous le souffle des vents impurs.<\/p>\n<p>La douceur est un \u00e9tat immobile de l&rsquo;\u00e2me qui reste \u00e9gale \u00e0 elle-m\u00eame aussi bien dans les humiliations que devant les louanges. Si l&rsquo;Esprit Saint est nomm\u00e9 la paix de l&rsquo;\u00e2me, et l&rsquo;est en effet, et si la col\u00e8re est appel\u00e9e le trouble du c\u0153ur, et l&rsquo;est aussi, rien ne s&rsquo;oppose autant \u00e0 la venue en nous du premier que la col\u00e8re.<\/p>\n<h3 class=\"commentary-author font-2 ng-binding\">Saint Jean Climaque (v. 575-v. 650)<\/h3>\n<p>&nbsp;<\/p>\n<p>&nbsp;<\/p>\n<p>&nbsp;<\/p>\n","protected":false},"excerpt":{"rendered":"<p>Si c&rsquo;est la marque de la supr\u00eame douceur que de garder un c\u0153ur plein de s\u00e9r\u00e9nit\u00e9 et de charit\u00e9 \u00e0 l&rsquo;\u00e9gard de celui qui nous a offens\u00e9s en sa pr\u00e9sence m\u00eame, c&rsquo;est certainement la marque de la col\u00e8re que de continuer \u00e0 se battre et \u00e0 s&#8217;emporter en paroles et en gestes contre celui qui [&hellip;]<\/p>\n","protected":false},"author":2,"featured_media":0,"comment_status":"closed","ping_status":"closed","sticky":false,"template":"","format":"standard","meta":{"footnotes":""},"categories":[13,1261],"tags":[57,65,137,1425],"class_list":["post-17586","post","type-post","status-publish","format-standard","hentry","category-ecritures","category-enseignement-2","tag-ame","tag-amour-et-paix","tag-beatitudes","tag-st-jean-climaque"],"_links":{"self":[{"href":"https:\/\/www.associationdemarie.org\/blog\/wp-json\/wp\/v2\/posts\/17586","targetHints":{"allow":["GET"]}}],"collection":[{"href":"https:\/\/www.associationdemarie.org\/blog\/wp-json\/wp\/v2\/posts"}],"about":[{"href":"https:\/\/www.associationdemarie.org\/blog\/wp-json\/wp\/v2\/types\/post"}],"author":[{"embeddable":true,"href":"https:\/\/www.associationdemarie.org\/blog\/wp-json\/wp\/v2\/users\/2"}],"replies":[{"embeddable":true,"href":"https:\/\/www.associationdemarie.org\/blog\/wp-json\/wp\/v2\/comments?post=17586"}],"version-history":[{"count":2,"href":"https:\/\/www.associationdemarie.org\/blog\/wp-json\/wp\/v2\/posts\/17586\/revisions"}],"predecessor-version":[{"id":17589,"href":"https:\/\/www.associationdemarie.org\/blog\/wp-json\/wp\/v2\/posts\/17586\/revisions\/17589"}],"wp:attachment":[{"href":"https:\/\/www.associationdemarie.org\/blog\/wp-json\/wp\/v2\/media?parent=17586"}],"wp:term":[{"taxonomy":"category","embeddable":true,"href":"https:\/\/www.associationdemarie.org\/blog\/wp-json\/wp\/v2\/categories?post=17586"},{"taxonomy":"post_tag","embeddable":true,"href":"https:\/\/www.associationdemarie.org\/blog\/wp-json\/wp\/v2\/tags?post=17586"}],"curies":[{"name":"wp","href":"https:\/\/api.w.org\/{rel}","templated":true}]}}