{"id":17553,"date":"2019-05-31T01:14:47","date_gmt":"2019-05-31T00:14:47","guid":{"rendered":"http:\/\/www.associationdemarie.org\/blog\/?p=17553"},"modified":"2019-05-15T07:17:08","modified_gmt":"2019-05-15T06:17:08","slug":"fete-de-la-visitation-de-la-vierge-marie-5","status":"publish","type":"post","link":"https:\/\/www.associationdemarie.org\/blog\/fete-de-la-visitation-de-la-vierge-marie-5\/","title":{"rendered":"F\u00eate de la Visitation de la Vierge Marie"},"content":{"rendered":"<p><img loading=\"lazy\" decoding=\"async\" class=\"aligncenter  wp-image-17554\" src=\"https:\/\/www.associationdemarie.org\/blog\/wp-content\/uploads\/2019\/05\/fete-de-la-visitation-23.jpg\" alt=\"\" width=\"419\" height=\"489\" srcset=\"https:\/\/www.associationdemarie.org\/blog\/wp-content\/uploads\/2019\/05\/fete-de-la-visitation-23.jpg 1645w, https:\/\/www.associationdemarie.org\/blog\/wp-content\/uploads\/2019\/05\/fete-de-la-visitation-23-257x300.jpg 257w, https:\/\/www.associationdemarie.org\/blog\/wp-content\/uploads\/2019\/05\/fete-de-la-visitation-23-768x896.jpg 768w, https:\/\/www.associationdemarie.org\/blog\/wp-content\/uploads\/2019\/05\/fete-de-la-visitation-23-877x1024.jpg 877w\" sizes=\"auto, (max-width: 419px) 100vw, 419px\" \/><\/p>\n<p>\u00ab\u00a0Tu es b\u00e9nie entre les femmes et le fruit de tes entrailles est b\u00e9ni. D&rsquo;o\u00f9 me vient cette faveur que la M\u00e8re de mon Seigneur vienne \u00e0 moi\u00a0?\u00a0\u00bb Ces mots\u00a0: \u00ab\u00a0D&rsquo;o\u00f9 me vient cette faveur\u00a0?\u00a0\u00bb ne sont pas un signe d&rsquo;ignorance, comme si \u00c9lisabeth toute remplie du Saint-Esprit ne savait pas que la M\u00e8re du Seigneur \u00e9tait venue \u00e0 elle selon la volont\u00e9 de Dieu. Voici le sens de ses paroles\u00a0: \u00ab\u00a0Qu&rsquo;ai-je fait de bien\u00a0? En quoi mes \u0153uvres sont-elles assez importantes pour que la M\u00e8re du Seigneur vienne me voir\u00a0? Suis-je une sainte\u00a0? Quelle perfection, quelle fid\u00e9lit\u00e9 int\u00e9rieure m&rsquo;ont m\u00e9rit\u00e9 cette faveur, une visite de la M\u00e8re du Seigneur\u00a0?\u00a0\u00bb \u00ab\u00a0Car ta voix n&rsquo;a pas plut\u00f4t frapp\u00e9 mes oreilles que mon enfant a exult\u00e9 de joie dans mon sein.\u00a0\u00bb Il avait senti que le Seigneur \u00e9tait venu pour sanctifier son serviteur m\u00eame avant sa naissance.<\/p>\n<p>Puisse-t-il m&rsquo;arriver d&rsquo;\u00eatre trait\u00e9 de fou par ceux qui n&rsquo;ont pas la foi, pour avoir cru en de tels myst\u00e8res\u00a0!&#8230; Car ce qui est tenu pour folie par ces gens-l\u00e0 est pour moi occasion de salut. En effet, si la naissance du Sauveur n&rsquo;avait pas \u00e9t\u00e9 c\u00e9leste et bienheureuse, si elle n&rsquo;avait rien eu de divin et de sup\u00e9rieur \u00e0 la nature humaine, jamais sa doctrine n&rsquo;aurait gagn\u00e9 toute la terre. Si dans le sein de Marie, il n&rsquo;y avait eu qu&rsquo;un homme et non le Fils de Dieu, comment aurait-il pu se faire qu&rsquo;en ce temps-l\u00e0, et aujourd&rsquo;hui encore, soient gu\u00e9ries toutes sortes de maladies, non seulement du corps, mais aussi de l&rsquo;\u00e2me\u00a0?&#8230; Si nous rassemblons tout ce qui est rapport\u00e9 de J\u00e9sus, nous pouvons constater que tout ce qui a \u00e9t\u00e9 \u00e9crit \u00e0 son sujet est tenu pour divin et digne d&rsquo;admiration, car sa naissance, son \u00e9ducation, sa puissance, sa Passion, sa r\u00e9surrection ne sont pas seulement des faits qui ont eu lieu en ce temps-l\u00e0\u00a0: ils sont \u00e0 l&rsquo;\u0153uvre en nous aujourd&rsquo;hui encore.<\/p>\n<h3 class=\"commentary-author font-2 ng-binding\">Orig\u00e8ne (v. 185-253)<\/h3>\n<p>&nbsp;<\/p>\n<p>&nbsp;<\/p>\n<p>&nbsp;<\/p>\n","protected":false},"excerpt":{"rendered":"<p>\u00ab\u00a0Tu es b\u00e9nie entre les femmes et le fruit de tes entrailles est b\u00e9ni. D&rsquo;o\u00f9 me vient cette faveur que la M\u00e8re de mon Seigneur vienne \u00e0 moi\u00a0?\u00a0\u00bb Ces mots\u00a0: \u00ab\u00a0D&rsquo;o\u00f9 me vient cette faveur\u00a0?\u00a0\u00bb ne sont pas un signe d&rsquo;ignorance, comme si \u00c9lisabeth toute remplie du Saint-Esprit ne savait pas que la M\u00e8re du [&hellip;]<\/p>\n","protected":false},"author":2,"featured_media":0,"comment_status":"closed","ping_status":"closed","sticky":false,"template":"","format":"standard","meta":{"footnotes":""},"categories":[3,13,1261,26],"tags":[742,1195],"class_list":["post-17553","post","type-post","status-publish","format-standard","hentry","category-liturgique","category-ecritures","category-enseignement-2","category-priere-des-ames","tag-origene","tag-visitation"],"_links":{"self":[{"href":"https:\/\/www.associationdemarie.org\/blog\/wp-json\/wp\/v2\/posts\/17553","targetHints":{"allow":["GET"]}}],"collection":[{"href":"https:\/\/www.associationdemarie.org\/blog\/wp-json\/wp\/v2\/posts"}],"about":[{"href":"https:\/\/www.associationdemarie.org\/blog\/wp-json\/wp\/v2\/types\/post"}],"author":[{"embeddable":true,"href":"https:\/\/www.associationdemarie.org\/blog\/wp-json\/wp\/v2\/users\/2"}],"replies":[{"embeddable":true,"href":"https:\/\/www.associationdemarie.org\/blog\/wp-json\/wp\/v2\/comments?post=17553"}],"version-history":[{"count":1,"href":"https:\/\/www.associationdemarie.org\/blog\/wp-json\/wp\/v2\/posts\/17553\/revisions"}],"predecessor-version":[{"id":17555,"href":"https:\/\/www.associationdemarie.org\/blog\/wp-json\/wp\/v2\/posts\/17553\/revisions\/17555"}],"wp:attachment":[{"href":"https:\/\/www.associationdemarie.org\/blog\/wp-json\/wp\/v2\/media?parent=17553"}],"wp:term":[{"taxonomy":"category","embeddable":true,"href":"https:\/\/www.associationdemarie.org\/blog\/wp-json\/wp\/v2\/categories?post=17553"},{"taxonomy":"post_tag","embeddable":true,"href":"https:\/\/www.associationdemarie.org\/blog\/wp-json\/wp\/v2\/tags?post=17553"}],"curies":[{"name":"wp","href":"https:\/\/api.w.org\/{rel}","templated":true}]}}