{"id":17539,"date":"2019-05-28T01:50:45","date_gmt":"2019-05-28T00:50:45","guid":{"rendered":"http:\/\/www.associationdemarie.org\/blog\/?p=17539"},"modified":"2019-05-13T07:52:06","modified_gmt":"2019-05-13T06:52:06","slug":"si-je-ne-men-vais-pas-le-paraclet-le-defenseur-ne-viendra-pas-a-vous-mais-si-je-pars-je-vous-lenverrai","status":"publish","type":"post","link":"https:\/\/www.associationdemarie.org\/blog\/si-je-ne-men-vais-pas-le-paraclet-le-defenseur-ne-viendra-pas-a-vous-mais-si-je-pars-je-vous-lenverrai\/","title":{"rendered":"\u00ab Si je ne m&rsquo;en vais pas, le Paraclet, le D\u00e9fenseur, ne viendra pas \u00e0 vous, mais si je pars, je vous l&rsquo;enverrai. \u00bb"},"content":{"rendered":"<p><a href=\"https:\/\/www.associationdemarie.org\/blog\/wp-content\/uploads\/2019\/05\/vous-vous-lamenterez.jpg\"><img loading=\"lazy\" decoding=\"async\" class=\"aligncenter  wp-image-17540\" src=\"https:\/\/www.associationdemarie.org\/blog\/wp-content\/uploads\/2019\/05\/vous-vous-lamenterez.jpg\" alt=\"\" width=\"417\" height=\"278\" srcset=\"https:\/\/www.associationdemarie.org\/blog\/wp-content\/uploads\/2019\/05\/vous-vous-lamenterez.jpg 1200w, https:\/\/www.associationdemarie.org\/blog\/wp-content\/uploads\/2019\/05\/vous-vous-lamenterez-300x200.jpg 300w, https:\/\/www.associationdemarie.org\/blog\/wp-content\/uploads\/2019\/05\/vous-vous-lamenterez-768x512.jpg 768w, https:\/\/www.associationdemarie.org\/blog\/wp-content\/uploads\/2019\/05\/vous-vous-lamenterez-1024x683.jpg 1024w\" sizes=\"auto, (max-width: 417px) 100vw, 417px\" \/><\/a><\/p>\n<p>Mon Dieu, \u00e9ternel Paraclet, je t&rsquo;adore, Lumi\u00e8re et Vie. Tu aurais pu te contenter de m&rsquo;envoyer du dehors de bonnes pens\u00e9es, la gr\u00e2ce qui les inspire et les accomplit\u00a0; tu aurais pu me conduire ainsi dans la vie, me purifiant seulement par ton action tout int\u00e9rieure au moment de mon passage dans l&rsquo;autre monde. Mais, dans ta compassion infinie, tu es entr\u00e9 dans mon \u00e2me, d\u00e8s le commencement, tu en as pris possession, tu en as fait ton temple. Par ta gr\u00e2ce, tu habites en moi d&rsquo;une mani\u00e8re ineffable, tu m&rsquo;unis \u00e0 toi et \u00e0 toute l&rsquo;assembl\u00e9e des anges et des saints. Plus encore, tu es personnellement pr\u00e9sent en moi, non seulement par ta gr\u00e2ce, mais par ton \u00eatre m\u00eame, comme si, tout en gardant ma personnalit\u00e9, j&rsquo;\u00e9tais en quelque sorte absorb\u00e9 en toi, d\u00e8s cette vie. Et comme tu as pris possession de mon corps lui-m\u00eame dans sa faiblesse, il est donc aussi ton temple (1Co 6,19). V\u00e9rit\u00e9 \u00e9tonnante et redoutable\u00a0! \u00d4 mon Dieu, je le crois, je le sais\u00a0!<\/p>\n<p>Puis-je p\u00e9cher quand tu es si intimement avec moi\u00a0? Puis-je oublier qui est avec moi, qui est en moi\u00a0? Puis-je chasser l&rsquo;h\u00f4te divin par ce qu&rsquo;il abhorre plus que tout, la seule chose au monde entier qui l&rsquo;offense, la seule r\u00e9alit\u00e9 qui ne soit pas sienne\u00a0? &#8230; Mon Dieu, j&rsquo;ai une double s\u00e9curit\u00e9 contre le p\u00e9ch\u00e9\u00a0: d&rsquo;abord, la crainte d&rsquo;une telle profanation, en ta pr\u00e9sence, de tout ce que tu es en moi\u00a0; et ensuite, la confiance que cette pr\u00e9sence m\u00eame me gardera du mal&#8230; Dans les \u00e9preuves et la tentation, je t&rsquo;appellerai&#8230; Gr\u00e2ce \u00e0 toi-m\u00eame, je ne t&rsquo;abandonnerai jamais.<\/p>\n<h3 class=\"commentary-author font-2 ng-binding\">Bienheureux John Henry Newman (1801-1890)<\/h3>\n<p>&nbsp;<\/p>\n","protected":false},"excerpt":{"rendered":"<p>Mon Dieu, \u00e9ternel Paraclet, je t&rsquo;adore, Lumi\u00e8re et Vie. Tu aurais pu te contenter de m&rsquo;envoyer du dehors de bonnes pens\u00e9es, la gr\u00e2ce qui les inspire et les accomplit\u00a0; tu aurais pu me conduire ainsi dans la vie, me purifiant seulement par ton action tout int\u00e9rieure au moment de mon passage dans l&rsquo;autre monde. Mais, [&hellip;]<\/p>\n","protected":false},"author":2,"featured_media":0,"comment_status":"closed","ping_status":"closed","sticky":false,"template":"","format":"standard","meta":{"footnotes":""},"categories":[13,1261],"tags":[159,378,765],"class_list":["post-17539","post","type-post","status-publish","format-standard","hentry","category-ecritures","category-enseignement-2","tag-bienheureux-john-henry-newman","tag-esprit-saint","tag-paraclet"],"_links":{"self":[{"href":"https:\/\/www.associationdemarie.org\/blog\/wp-json\/wp\/v2\/posts\/17539","targetHints":{"allow":["GET"]}}],"collection":[{"href":"https:\/\/www.associationdemarie.org\/blog\/wp-json\/wp\/v2\/posts"}],"about":[{"href":"https:\/\/www.associationdemarie.org\/blog\/wp-json\/wp\/v2\/types\/post"}],"author":[{"embeddable":true,"href":"https:\/\/www.associationdemarie.org\/blog\/wp-json\/wp\/v2\/users\/2"}],"replies":[{"embeddable":true,"href":"https:\/\/www.associationdemarie.org\/blog\/wp-json\/wp\/v2\/comments?post=17539"}],"version-history":[{"count":1,"href":"https:\/\/www.associationdemarie.org\/blog\/wp-json\/wp\/v2\/posts\/17539\/revisions"}],"predecessor-version":[{"id":17541,"href":"https:\/\/www.associationdemarie.org\/blog\/wp-json\/wp\/v2\/posts\/17539\/revisions\/17541"}],"wp:attachment":[{"href":"https:\/\/www.associationdemarie.org\/blog\/wp-json\/wp\/v2\/media?parent=17539"}],"wp:term":[{"taxonomy":"category","embeddable":true,"href":"https:\/\/www.associationdemarie.org\/blog\/wp-json\/wp\/v2\/categories?post=17539"},{"taxonomy":"post_tag","embeddable":true,"href":"https:\/\/www.associationdemarie.org\/blog\/wp-json\/wp\/v2\/tags?post=17539"}],"curies":[{"name":"wp","href":"https:\/\/api.w.org\/{rel}","templated":true}]}}