{"id":17478,"date":"2019-05-11T01:42:32","date_gmt":"2019-05-11T00:42:32","guid":{"rendered":"http:\/\/www.associationdemarie.org\/blog\/?p=17478"},"modified":"2019-04-25T07:44:17","modified_gmt":"2019-04-25T06:44:17","slug":"quant-a-nous-nous-croyons","status":"publish","type":"post","link":"https:\/\/www.associationdemarie.org\/blog\/quant-a-nous-nous-croyons\/","title":{"rendered":"\u00ab Quant \u00e0 nous, nous croyons. \u00bb"},"content":{"rendered":"<p><a href=\"https:\/\/www.associationdemarie.org\/blog\/wp-content\/uploads\/2019\/04\/christ-pantocrator-sinai324500.jpg\"><img loading=\"lazy\" decoding=\"async\" class=\"aligncenter  wp-image-17479\" src=\"https:\/\/www.associationdemarie.org\/blog\/wp-content\/uploads\/2019\/04\/christ-pantocrator-sinai324500.jpg\" alt=\"\" width=\"289\" height=\"447\" \/><\/a><\/p>\n<p>Demande qui voudra le pain mat\u00e9riel\u00a0! Pour nous, demandons au P\u00e8re \u00e9ternel que nous m\u00e9ritions de recevoir notre pain c\u00e9leste avec des dispositions telles que, si nous n&rsquo;avons pas la joie de le contempler des yeux du corps, tant il se cache, il se d\u00e9voile du moins aux yeux de l&rsquo;\u00e2me et se manifeste \u00e0 elle. C&rsquo;est l\u00e0 une tout autre nourriture pleine de joie et de d\u00e9lices\u00a0; elle est le soutien de la vie&#8230;<\/p>\n<p>Je connais une personne \u00e0 qui le Seigneur avait donn\u00e9 une foi si vive, que quand elle entendait quelqu&rsquo;un dire qu&rsquo;il aurait voulu vivre au temps o\u00f9 le Christ, notre Bien, \u00e9tait en ce monde, elle riait en elle-m\u00eame. Puisque nous le poss\u00e9dons, se disait-elle, dans le Saint Sacrement aussi v\u00e9ritablement qu&rsquo;alors, que d\u00e9sirons-nous de plus\u00a0? &#8230; Elle se consid\u00e9rait \u00e0 ses pieds\u00a0; elle y pleurait en compagnie de Madeleine, absolument comme si elle l&rsquo;avait vu des yeux du corps dans la maison du pharisien (Lc 7,36s). Alors m\u00eame qu&rsquo;elle ne sentait pas de d\u00e9votion, la foi lui disait qu&rsquo;il \u00e9tait vraiment l\u00e0.<\/p>\n<p>En effet, il faudrait se faire plus stupide qu&rsquo;on n&rsquo;est et s&rsquo;aveugler volontairement pour avoir le moindre doute ici. Ce n&rsquo;est point l\u00e0 un travail de l&rsquo;imagination, comme quand nous consid\u00e9rons notre Seigneur sur la croix ou dans une autre circonstance de sa Passion\u00a0; nous nous repr\u00e9sentons alors la chose en nous-m\u00eames telle qu&rsquo;elle s&rsquo;est pass\u00e9e. Ici, elle a lieu r\u00e9ellement\u00a0; c&rsquo;est une v\u00e9rit\u00e9 certaine, et il ne faut pas aller chercher notre Seigneur ailleurs, bien loin de nous. Nous le savons, en effet, tant que la mati\u00e8re du pain n&rsquo;est pas consum\u00e9e par la chaleur naturelle du corps, le bon J\u00e9sus est en nous\u00a0; par cons\u00e9quent, approchons-nous de lui. Quand il \u00e9tait en ce monde, le simple contact de ses v\u00eatements gu\u00e9rissait les malades\u00a0; pourquoi douter, si nous avons la foi, qu&rsquo;il ne fasse encore des miracles, quand il nous est si intimement uni\u00a0? Pourquoi ne nous donnerait-il pas ce que nous lui demandons, puisqu&rsquo;il est dans notre propre maison\u00a0?<\/p>\n<h3 class=\"commentary-author font-2 ng-binding\">Sainte Th\u00e9r\u00e8se d&rsquo;Avila (1515-1582)<\/h3>\n<p>&nbsp;<\/p>\n<p>&nbsp;<\/p>\n<p>&nbsp;<\/p>\n","protected":false},"excerpt":{"rendered":"<p>Demande qui voudra le pain mat\u00e9riel\u00a0! Pour nous, demandons au P\u00e8re \u00e9ternel que nous m\u00e9ritions de recevoir notre pain c\u00e9leste avec des dispositions telles que, si nous n&rsquo;avons pas la joie de le contempler des yeux du corps, tant il se cache, il se d\u00e9voile du moins aux yeux de l&rsquo;\u00e2me et se manifeste \u00e0 [&hellip;]<\/p>\n","protected":false},"author":2,"featured_media":0,"comment_status":"closed","ping_status":"closed","sticky":false,"template":"","format":"standard","meta":{"footnotes":""},"categories":[13,1261],"tags":[425,1109],"class_list":["post-17478","post","type-post","status-publish","format-standard","hentry","category-ecritures","category-enseignement-2","tag-foi","tag-ste-therese-davila"],"_links":{"self":[{"href":"https:\/\/www.associationdemarie.org\/blog\/wp-json\/wp\/v2\/posts\/17478","targetHints":{"allow":["GET"]}}],"collection":[{"href":"https:\/\/www.associationdemarie.org\/blog\/wp-json\/wp\/v2\/posts"}],"about":[{"href":"https:\/\/www.associationdemarie.org\/blog\/wp-json\/wp\/v2\/types\/post"}],"author":[{"embeddable":true,"href":"https:\/\/www.associationdemarie.org\/blog\/wp-json\/wp\/v2\/users\/2"}],"replies":[{"embeddable":true,"href":"https:\/\/www.associationdemarie.org\/blog\/wp-json\/wp\/v2\/comments?post=17478"}],"version-history":[{"count":1,"href":"https:\/\/www.associationdemarie.org\/blog\/wp-json\/wp\/v2\/posts\/17478\/revisions"}],"predecessor-version":[{"id":17480,"href":"https:\/\/www.associationdemarie.org\/blog\/wp-json\/wp\/v2\/posts\/17478\/revisions\/17480"}],"wp:attachment":[{"href":"https:\/\/www.associationdemarie.org\/blog\/wp-json\/wp\/v2\/media?parent=17478"}],"wp:term":[{"taxonomy":"category","embeddable":true,"href":"https:\/\/www.associationdemarie.org\/blog\/wp-json\/wp\/v2\/categories?post=17478"},{"taxonomy":"post_tag","embeddable":true,"href":"https:\/\/www.associationdemarie.org\/blog\/wp-json\/wp\/v2\/tags?post=17478"}],"curies":[{"name":"wp","href":"https:\/\/api.w.org\/{rel}","templated":true}]}}