{"id":17471,"date":"2019-05-09T01:31:22","date_gmt":"2019-05-09T00:31:22","guid":{"rendered":"http:\/\/www.associationdemarie.org\/blog\/?p=17471"},"modified":"2019-04-24T14:33:39","modified_gmt":"2019-04-24T13:33:39","slug":"vos-peres-ont-mange-la-manne-et-il-sont-morts-mais-le-pain-du-ciel-celui-qui-en-mange-ne-mourra-pas","status":"publish","type":"post","link":"https:\/\/www.associationdemarie.org\/blog\/vos-peres-ont-mange-la-manne-et-il-sont-morts-mais-le-pain-du-ciel-celui-qui-en-mange-ne-mourra-pas\/","title":{"rendered":"\u00ab Vos p\u00e8res ont mang\u00e9 la manne et il sont morts ; mais le pain du ciel, celui qui en mange ne mourra pas. \u00bb"},"content":{"rendered":"<p><a href=\"https:\/\/www.associationdemarie.org\/blog\/wp-content\/uploads\/2019\/04\/ob_17138c_multiplica.jpg\"><img loading=\"lazy\" decoding=\"async\" class=\"aligncenter size-full wp-image-17472\" src=\"https:\/\/www.associationdemarie.org\/blog\/wp-content\/uploads\/2019\/04\/ob_17138c_multiplica.jpg\" alt=\"\" width=\"403\" height=\"600\" srcset=\"https:\/\/www.associationdemarie.org\/blog\/wp-content\/uploads\/2019\/04\/ob_17138c_multiplica.jpg 403w, https:\/\/www.associationdemarie.org\/blog\/wp-content\/uploads\/2019\/04\/ob_17138c_multiplica-202x300.jpg 202w\" sizes=\"auto, (max-width: 403px) 100vw, 403px\" \/><\/a><\/p>\n<p>La manne \u00e9tait savour\u00e9e de quiconque la mangeait, mais diff\u00e9remment n\u00e9anmoins, selon la diversit\u00e9 des app\u00e9tits de ceux qui la prenaient, et ne fut jamais savour\u00e9e totalement, car elle avait plus de diff\u00e9rentes saveurs qu&rsquo;il n&rsquo;y avait de vari\u00e9t\u00e9 de go\u00fbts chez les Isra\u00e9lites (Sg 16,20-21). Nous verrons et savourerons l\u00e0-haut au ciel toute la Divinit\u00e9, mais jamais nul des bienheureux ni tous ensemble ne la verront ou savoureront totalement&#8230;<\/p>\n<p>Ainsi les poissons jouissent de la grandeur incroyable de l&rsquo;oc\u00e9an, et jamais pourtant aucun poisson, ni m\u00eame toute la multitude des poissons, n&rsquo;a vu toutes les plages ni n&rsquo;a tremp\u00e9 ses \u00e9cailles en toutes les eaux de la mer\u00a0; et les oiseaux s&rsquo;\u00e9gayent \u00e0 leur gr\u00e9 dans la vastet\u00e9 de l&rsquo;air, mais jamais aucun oiseau, ni m\u00eame toute la race des oiseaux ensemble, n&rsquo;a battu des ailes toutes les contr\u00e9es de l&rsquo;air et n&rsquo;est jamais parvenu \u00e0 la supr\u00eame r\u00e9gion de celui-ci. Nos esprits, \u00e0 leur gr\u00e9 et selon toute l&rsquo;\u00e9tendue de leurs souhaits, nageront en l&rsquo;oc\u00e9an et voleront en l&rsquo;air de la Divinit\u00e9, et se r\u00e9jouiront \u00e9ternellement de voir que cet air est tant infini, cet oc\u00e9an si vaste, qu&rsquo;il ne peut \u00eatre mesur\u00e9 par leurs ailes, et que jouissant sans r\u00e9serve ni exception quelconque de tout cet ab\u00eeme infini de la Divinit\u00e9, ils ne peuvent n\u00e9anmoins jamais \u00e9galer leur jouissance \u00e0 cette infinit\u00e9, laquelle demeure toujours infiniment infinie au-dessus de leur capacit\u00e9.<\/p>\n<h3 class=\"commentary-author font-2 ng-binding\">Saint Fran\u00e7ois de Sales (1567-1622)<\/h3>\n<p>&nbsp;<\/p>\n<p>&nbsp;<\/p>\n<p>&nbsp;<\/p>\n","protected":false},"excerpt":{"rendered":"<p>La manne \u00e9tait savour\u00e9e de quiconque la mangeait, mais diff\u00e9remment n\u00e9anmoins, selon la diversit\u00e9 des app\u00e9tits de ceux qui la prenaient, et ne fut jamais savour\u00e9e totalement, car elle avait plus de diff\u00e9rentes saveurs qu&rsquo;il n&rsquo;y avait de vari\u00e9t\u00e9 de go\u00fbts chez les Isra\u00e9lites (Sg 16,20-21). Nous verrons et savourerons l\u00e0-haut au ciel toute la [&hellip;]<\/p>\n","protected":false},"author":2,"featured_media":0,"comment_status":"closed","ping_status":"closed","sticky":false,"template":"","format":"standard","meta":{"footnotes":""},"categories":[13,1261,16],"tags":[755,1516],"class_list":["post-17471","post","type-post","status-publish","format-standard","hentry","category-ecritures","category-enseignement-2","category-jardins-de-la-bible","tag-pain-de-vie","tag-st-francois-de-sales"],"_links":{"self":[{"href":"https:\/\/www.associationdemarie.org\/blog\/wp-json\/wp\/v2\/posts\/17471","targetHints":{"allow":["GET"]}}],"collection":[{"href":"https:\/\/www.associationdemarie.org\/blog\/wp-json\/wp\/v2\/posts"}],"about":[{"href":"https:\/\/www.associationdemarie.org\/blog\/wp-json\/wp\/v2\/types\/post"}],"author":[{"embeddable":true,"href":"https:\/\/www.associationdemarie.org\/blog\/wp-json\/wp\/v2\/users\/2"}],"replies":[{"embeddable":true,"href":"https:\/\/www.associationdemarie.org\/blog\/wp-json\/wp\/v2\/comments?post=17471"}],"version-history":[{"count":1,"href":"https:\/\/www.associationdemarie.org\/blog\/wp-json\/wp\/v2\/posts\/17471\/revisions"}],"predecessor-version":[{"id":17473,"href":"https:\/\/www.associationdemarie.org\/blog\/wp-json\/wp\/v2\/posts\/17471\/revisions\/17473"}],"wp:attachment":[{"href":"https:\/\/www.associationdemarie.org\/blog\/wp-json\/wp\/v2\/media?parent=17471"}],"wp:term":[{"taxonomy":"category","embeddable":true,"href":"https:\/\/www.associationdemarie.org\/blog\/wp-json\/wp\/v2\/categories?post=17471"},{"taxonomy":"post_tag","embeddable":true,"href":"https:\/\/www.associationdemarie.org\/blog\/wp-json\/wp\/v2\/tags?post=17471"}],"curies":[{"name":"wp","href":"https:\/\/api.w.org\/{rel}","templated":true}]}}