{"id":17458,"date":"2019-05-05T01:52:43","date_gmt":"2019-05-05T00:52:43","guid":{"rendered":"http:\/\/www.associationdemarie.org\/blog\/?p=17458"},"modified":"2019-04-22T09:54:59","modified_gmt":"2019-04-22T08:54:59","slug":"au-lever-du-jour-jesus-etait-la-sur-le-rivage-2","status":"publish","type":"post","link":"https:\/\/www.associationdemarie.org\/blog\/au-lever-du-jour-jesus-etait-la-sur-le-rivage-2\/","title":{"rendered":"\u00ab Au lever du jour, J\u00e9sus \u00e9tait l\u00e0, sur le rivage. \u00bb"},"content":{"rendered":"<p><a href=\"https:\/\/www.associationdemarie.org\/blog\/wp-content\/uploads\/2019\/04\/jesusbordLac.jpg\"><img loading=\"lazy\" decoding=\"async\" class=\"aligncenter  wp-image-17459\" src=\"https:\/\/www.associationdemarie.org\/blog\/wp-content\/uploads\/2019\/04\/jesusbordLac.jpg\" alt=\"\" width=\"439\" height=\"351\" srcset=\"https:\/\/www.associationdemarie.org\/blog\/wp-content\/uploads\/2019\/04\/jesusbordLac.jpg 600w, https:\/\/www.associationdemarie.org\/blog\/wp-content\/uploads\/2019\/04\/jesusbordLac-300x240.jpg 300w\" sizes=\"auto, (max-width: 439px) 100vw, 439px\" \/><\/a><\/p>\n<p>Que symbolise la mer, sinon le monde pr\u00e9sent, battu par les vagues tumultueuses des affaires et les remous d&rsquo;une vie caduque\u00a0? Et que repr\u00e9sente le rivage ferme, sinon la p\u00e9rennit\u00e9 du repos \u00e9ternel\u00a0? Les disciples peinent donc sur le lac puisqu&rsquo;ils sont encore pris dans les flots de la vie mortelle, mais notre R\u00e9dempteur, apr\u00e8s sa r\u00e9surrection, se tient sur le rivage puisqu&rsquo;il a d\u00e9j\u00e0 d\u00e9pass\u00e9 la condition d&rsquo;une chair fragile. C&rsquo;est comme s&rsquo;il avait voulu se servir de ces choses pour parler \u00e0 ses disciples du myst\u00e8re de sa r\u00e9surrection, en leur disant\u00a0: \u00ab\u00a0Je ne vous apparais plus sur la mer (Mt 14,25), car je ne suis plus parmi vous dans l&rsquo;agitation des vagues\u00a0\u00bb.<\/p>\n<p>C&rsquo;est dans le m\u00eame sens qu&rsquo;en un autre endroit, il a dit \u00e0 ces m\u00eames disciples apr\u00e8s sa r\u00e9surrection\u00a0: \u00ab\u00a0Je vous ai dit ces choses quand j&rsquo;\u00e9tais encore avec vous\u00a0\u00bb (Lc 24,44). Il n&rsquo;a dit pas cela parce qu&rsquo;il n&rsquo;\u00e9tait plus avec eux \u2014 son corps \u00e9tait pr\u00e9sent et leur apparaissait \u2014 mais&#8230; sa chair immortelle distan\u00e7ait de loin leurs corps mortels\u00a0: il disait ne plus \u00eatre avec eux tout en \u00e9tant au milieu d&rsquo;eux. Dans le passage que nous lisons aujourd&rsquo;hui, par l&#8217;emplacement de son corps il leur signifie la m\u00eame chose\u00a0: alors que ses disciples naviguent encore, il se montre d\u00e9sormais \u00e9tabli sur le rivage.<\/p>\n<h3 class=\"commentary-author font-2 ng-binding\">Saint Gr\u00e9goire le Grand (v. 540-604)<\/h3>\n<p>&nbsp;<\/p>\n<p>&nbsp;<\/p>\n<p>&nbsp;<\/p>\n","protected":false},"excerpt":{"rendered":"<p>Que symbolise la mer, sinon le monde pr\u00e9sent, battu par les vagues tumultueuses des affaires et les remous d&rsquo;une vie caduque\u00a0? Et que repr\u00e9sente le rivage ferme, sinon la p\u00e9rennit\u00e9 du repos \u00e9ternel\u00a0? Les disciples peinent donc sur le lac puisqu&rsquo;ils sont encore pris dans les flots de la vie mortelle, mais notre R\u00e9dempteur, apr\u00e8s [&hellip;]<\/p>\n","protected":false},"author":2,"featured_media":0,"comment_status":"closed","ping_status":"closed","sticky":false,"template":"","format":"standard","meta":{"footnotes":""},"categories":[13,1261],"tags":[892,1488],"class_list":["post-17458","post","type-post","status-publish","format-standard","hentry","category-ecritures","category-enseignement-2","tag-resurrection","tag-st-gregoire-le-grand"],"_links":{"self":[{"href":"https:\/\/www.associationdemarie.org\/blog\/wp-json\/wp\/v2\/posts\/17458","targetHints":{"allow":["GET"]}}],"collection":[{"href":"https:\/\/www.associationdemarie.org\/blog\/wp-json\/wp\/v2\/posts"}],"about":[{"href":"https:\/\/www.associationdemarie.org\/blog\/wp-json\/wp\/v2\/types\/post"}],"author":[{"embeddable":true,"href":"https:\/\/www.associationdemarie.org\/blog\/wp-json\/wp\/v2\/users\/2"}],"replies":[{"embeddable":true,"href":"https:\/\/www.associationdemarie.org\/blog\/wp-json\/wp\/v2\/comments?post=17458"}],"version-history":[{"count":1,"href":"https:\/\/www.associationdemarie.org\/blog\/wp-json\/wp\/v2\/posts\/17458\/revisions"}],"predecessor-version":[{"id":17460,"href":"https:\/\/www.associationdemarie.org\/blog\/wp-json\/wp\/v2\/posts\/17458\/revisions\/17460"}],"wp:attachment":[{"href":"https:\/\/www.associationdemarie.org\/blog\/wp-json\/wp\/v2\/media?parent=17458"}],"wp:term":[{"taxonomy":"category","embeddable":true,"href":"https:\/\/www.associationdemarie.org\/blog\/wp-json\/wp\/v2\/categories?post=17458"},{"taxonomy":"post_tag","embeddable":true,"href":"https:\/\/www.associationdemarie.org\/blog\/wp-json\/wp\/v2\/tags?post=17458"}],"curies":[{"name":"wp","href":"https:\/\/api.w.org\/{rel}","templated":true}]}}