{"id":17450,"date":"2019-05-03T01:09:18","date_gmt":"2019-05-03T00:09:18","guid":{"rendered":"http:\/\/www.associationdemarie.org\/blog\/?p=17450"},"modified":"2019-04-19T14:11:11","modified_gmt":"2019-04-19T13:11:11","slug":"je-crois-en-leglise-apostolique-2","status":"publish","type":"post","link":"https:\/\/www.associationdemarie.org\/blog\/je-crois-en-leglise-apostolique-2\/","title":{"rendered":"\u00ab Je crois en l&rsquo;\u00c9glise&#8230; apostolique. \u00bb"},"content":{"rendered":"<p><a href=\"https:\/\/www.associationdemarie.org\/blog\/wp-content\/uploads\/2019\/04\/45654705.jpg\"><img loading=\"lazy\" decoding=\"async\" class=\"aligncenter size-full wp-image-17451\" src=\"https:\/\/www.associationdemarie.org\/blog\/wp-content\/uploads\/2019\/04\/45654705.jpg\" alt=\"\" width=\"452\" height=\"701\" srcset=\"https:\/\/www.associationdemarie.org\/blog\/wp-content\/uploads\/2019\/04\/45654705.jpg 452w, https:\/\/www.associationdemarie.org\/blog\/wp-content\/uploads\/2019\/04\/45654705-193x300.jpg 193w\" sizes=\"auto, (max-width: 452px) 100vw, 452px\" \/><\/a><\/p>\n<p>J\u00e9sus est l&rsquo;Envoy\u00e9 du P\u00e8re. D\u00e8s le d\u00e9but de son minist\u00e8re, il \u00ab\u00a0appela \u00e0 lui ceux qu&rsquo;il voulut, et il en institua Douze pour \u00eatre avec lui et pour les envoyer pr\u00eacher\u00a0\u00bb (Mc 3,13-14). D\u00e8s lors, ils seront ses \u00ab\u00a0envoy\u00e9s\u00a0\u00bb (ce que signifie le mot grec \u2018apostoloi\u2019). En eux continue sa propre mission\u00a0: \u00ab\u00a0Comme le P\u00e8re m&rsquo;a envoy\u00e9, moi aussi je vous envoie\u00a0\u00bb (Jn 20,21). Leur minist\u00e8re est donc la continuation de sa propre mission\u00a0: \u00ab\u00a0Qui vous accueille, m&rsquo;accueille\u00a0\u00bb, dit-il aux Douze (Mt 10,40).<\/p>\n<p>J\u00e9sus les unit \u00e0 sa mission re\u00e7ue du P\u00e8re\u00a0: comme \u00ab\u00a0le Fils ne peut rien faire de lui-m\u00eame\u00a0\u00bb (Jn 5,19.30), mais re\u00e7oit tout du P\u00e8re qui l&rsquo;a envoy\u00e9, ainsi ceux que J\u00e9sus envoie ne peuvent rien faire sans lui (Jn 15,5) de qui ils re\u00e7oivent le mandat de mission et le pouvoir de l&rsquo;accomplir. Les ap\u00f4tres du Christ savent donc qu&rsquo;ils sont qualifi\u00e9s par Dieu comme \u00ab\u00a0ministres d&rsquo;une alliance nouvelle\u00a0\u00bb (2Co 3,6), \u00ab\u00a0ministres de Dieu\u00a0\u00bb (2Co 6,4), \u00ab\u00a0en ambassade pour le Christ\u00a0\u00bb (2Co 5,20), \u00ab\u00a0serviteurs du Christ et dispensateurs des myst\u00e8res de Dieu\u00a0\u00bb (1Co 4,1).<\/p>\n<p>Dans la charge des ap\u00f4tres, il y a un aspect intransmissible\u00a0: \u00eatre les t\u00e9moins choisis de la R\u00e9surrection du Seigneur et les fondements de l&rsquo;\u00c9glise. Mais il y a aussi un aspect permanent de leur charge. Le Christ leur a promis de rester avec eux jusqu&rsquo;\u00e0 la fin des temps (Mt 28,20). \u00ab\u00a0La mission divine confi\u00e9e par J\u00e9sus aux ap\u00f4tres est destin\u00e9e \u00e0 durer jusqu&rsquo;\u00e0 la fin des si\u00e8cles, \u00e9tant donn\u00e9 que l&rsquo;\u00c9vangile qu&rsquo;ils doivent transmettre est pour l&rsquo;\u00c9glise principe de toute sa vie, pour toute la dur\u00e9e du temps. C&rsquo;est pourquoi les ap\u00f4tres prirent soin d&rsquo;instituer&#8230; des successeurs\u00a0\u00bb (Vatican II\u00a0: LG 20).<\/p>\n<h3 class=\"commentary-author font-2 ng-binding\">Cat\u00e9chisme de l&rsquo;\u00c9glise catholique<\/h3>\n","protected":false},"excerpt":{"rendered":"<p>J\u00e9sus est l&rsquo;Envoy\u00e9 du P\u00e8re. D\u00e8s le d\u00e9but de son minist\u00e8re, il \u00ab\u00a0appela \u00e0 lui ceux qu&rsquo;il voulut, et il en institua Douze pour \u00eatre avec lui et pour les envoyer pr\u00eacher\u00a0\u00bb (Mc 3,13-14). D\u00e8s lors, ils seront ses \u00ab\u00a0envoy\u00e9s\u00a0\u00bb (ce que signifie le mot grec \u2018apostoloi\u2019). En eux continue sa propre mission\u00a0: \u00ab\u00a0Comme le [&hellip;]<\/p>\n","protected":false},"author":2,"featured_media":0,"comment_status":"closed","ping_status":"closed","sticky":false,"template":"","format":"standard","meta":{"footnotes":""},"categories":[3,13,1261],"tags":[84,188,336],"class_list":["post-17450","post","type-post","status-publish","format-standard","hentry","category-liturgique","category-ecritures","category-enseignement-2","tag-apotres","tag-catechisme","tag-eglise"],"_links":{"self":[{"href":"https:\/\/www.associationdemarie.org\/blog\/wp-json\/wp\/v2\/posts\/17450","targetHints":{"allow":["GET"]}}],"collection":[{"href":"https:\/\/www.associationdemarie.org\/blog\/wp-json\/wp\/v2\/posts"}],"about":[{"href":"https:\/\/www.associationdemarie.org\/blog\/wp-json\/wp\/v2\/types\/post"}],"author":[{"embeddable":true,"href":"https:\/\/www.associationdemarie.org\/blog\/wp-json\/wp\/v2\/users\/2"}],"replies":[{"embeddable":true,"href":"https:\/\/www.associationdemarie.org\/blog\/wp-json\/wp\/v2\/comments?post=17450"}],"version-history":[{"count":1,"href":"https:\/\/www.associationdemarie.org\/blog\/wp-json\/wp\/v2\/posts\/17450\/revisions"}],"predecessor-version":[{"id":17452,"href":"https:\/\/www.associationdemarie.org\/blog\/wp-json\/wp\/v2\/posts\/17450\/revisions\/17452"}],"wp:attachment":[{"href":"https:\/\/www.associationdemarie.org\/blog\/wp-json\/wp\/v2\/media?parent=17450"}],"wp:term":[{"taxonomy":"category","embeddable":true,"href":"https:\/\/www.associationdemarie.org\/blog\/wp-json\/wp\/v2\/categories?post=17450"},{"taxonomy":"post_tag","embeddable":true,"href":"https:\/\/www.associationdemarie.org\/blog\/wp-json\/wp\/v2\/tags?post=17450"}],"curies":[{"name":"wp","href":"https:\/\/api.w.org\/{rel}","templated":true}]}}