{"id":1742,"date":"2010-11-10T01:26:07","date_gmt":"2010-11-10T01:26:07","guid":{"rendered":"http:\/\/preprod.meltem-int.com\/marie\/blog\/?p=1742"},"modified":"2010-11-10T01:26:07","modified_gmt":"2010-11-10T01:26:07","slug":"le-coeur-humain-tabernacle-de-la-foi","status":"publish","type":"post","link":"https:\/\/www.associationdemarie.org\/blog\/le-coeur-humain-tabernacle-de-la-foi\/","title":{"rendered":"Le coeur humain, tabernacle de la foi"},"content":{"rendered":"<p><a href=\"https:\/\/www.associationdemarie.org\/blog\/wp-content\/uploads\/2010\/11\/tabernacle_sacre_coeur.jpg\"><img loading=\"lazy\" decoding=\"async\" class=\"alignright size-full wp-image-1743\" title=\"tabernacle_sacre_coeur\" src=\"https:\/\/www.associationdemarie.org\/blog\/wp-content\/uploads\/2010\/11\/tabernacle_sacre_coeur.jpg\" alt=\"\" width=\"80\" height=\"96\" \/><\/a>Que l\u2019enseignement attribu\u00e9 \u00e0 chaque \u00e9lu soit le r\u00e9ceptacle de la coupe d\u2019amertume offerte par le monde \u00e0 Sa Divine Puissance. Que les affinit\u00e9s des \u00e9lus dans la foi engendrent l\u2019exploration de l\u2019enseignement au peuple de la future alliance, sans une quelconque entrave \u00e0 l\u2019esprit de chaque \u00eatre.<\/p>\n<p>La Paix et l\u2019Amour sont la puissance et la r\u00e9alisation par l\u2019homme de la mis\u00e9ricorde Divine. Dieu le P\u00e8re ne d\u00e9sire que le rachat de tous pour ne former qu\u2019une immense lumi\u00e8re ali\u00e9nant toute l\u2019ivresse du Malin.<\/p>\n<p>Il est demand\u00e9 aux \u00e9lus de ce monde, comme ils en sont charg\u00e9s, de s\u2019unir dans la pri\u00e8re pour soulager les maux de cette terre et faire surgir l\u2019\u00e9tincelle de l\u2019Amour dans chaque c\u0153ur humain, tabernacle de la foi romaine et universelle.<\/p>\n<p>Marie M\u00e8re des hommes &#8211; janvier 1993<\/p>\n","protected":false},"excerpt":{"rendered":"<p>Que l\u2019enseignement attribu\u00e9 \u00e0 chaque \u00e9lu soit le r\u00e9ceptacle de la coupe d\u2019amertume offerte par le monde \u00e0 Sa Divine Puissance. Que les affinit\u00e9s des \u00e9lus dans la foi engendrent l\u2019exploration de l\u2019enseignement au peuple de la future alliance, sans une quelconque entrave \u00e0 l\u2019esprit de chaque \u00eatre. La Paix et l\u2019Amour sont la puissance [&hellip;]<\/p>\n","protected":false},"author":2,"featured_media":0,"comment_status":"closed","ping_status":"closed","sticky":false,"template":"","format":"standard","meta":{"footnotes":""},"categories":[19],"tags":[54,65,236,357,425,1122],"class_list":["post-1742","post","type-post","status-publish","format-standard","hentry","category-messages","tag-alliance","tag-amour-et-paix","tag-coeur","tag-enseignement","tag-foi","tag-tabernacle"],"_links":{"self":[{"href":"https:\/\/www.associationdemarie.org\/blog\/wp-json\/wp\/v2\/posts\/1742","targetHints":{"allow":["GET"]}}],"collection":[{"href":"https:\/\/www.associationdemarie.org\/blog\/wp-json\/wp\/v2\/posts"}],"about":[{"href":"https:\/\/www.associationdemarie.org\/blog\/wp-json\/wp\/v2\/types\/post"}],"author":[{"embeddable":true,"href":"https:\/\/www.associationdemarie.org\/blog\/wp-json\/wp\/v2\/users\/2"}],"replies":[{"embeddable":true,"href":"https:\/\/www.associationdemarie.org\/blog\/wp-json\/wp\/v2\/comments?post=1742"}],"version-history":[{"count":0,"href":"https:\/\/www.associationdemarie.org\/blog\/wp-json\/wp\/v2\/posts\/1742\/revisions"}],"wp:attachment":[{"href":"https:\/\/www.associationdemarie.org\/blog\/wp-json\/wp\/v2\/media?parent=1742"}],"wp:term":[{"taxonomy":"category","embeddable":true,"href":"https:\/\/www.associationdemarie.org\/blog\/wp-json\/wp\/v2\/categories?post=1742"},{"taxonomy":"post_tag","embeddable":true,"href":"https:\/\/www.associationdemarie.org\/blog\/wp-json\/wp\/v2\/tags?post=1742"}],"curies":[{"name":"wp","href":"https:\/\/api.w.org\/{rel}","templated":true}]}}