{"id":17405,"date":"2019-04-20T01:52:04","date_gmt":"2019-04-20T00:52:04","guid":{"rendered":"http:\/\/www.associationdemarie.org\/blog\/?p=17405"},"modified":"2019-04-12T16:54:05","modified_gmt":"2019-04-12T15:54:05","slug":"samedi-saint-veillee-pascale","status":"publish","type":"post","link":"https:\/\/www.associationdemarie.org\/blog\/samedi-saint-veillee-pascale\/","title":{"rendered":"Samedi Saint (Veill\u00e9e Pascale)"},"content":{"rendered":"<p><a href=\"https:\/\/www.associationdemarie.org\/blog\/wp-content\/uploads\/2019\/04\/samedi-saint.-jesus-est-descendu-aux-enfers-ou-ceux-qui-sont-morts-en-christ-sont-liberes.jpg\"><img loading=\"lazy\" decoding=\"async\" class=\"aligncenter  wp-image-17406\" src=\"https:\/\/www.associationdemarie.org\/blog\/wp-content\/uploads\/2019\/04\/samedi-saint.-jesus-est-descendu-aux-enfers-ou-ceux-qui-sont-morts-en-christ-sont-liberes.jpg\" alt=\"\" width=\"453\" height=\"389\" srcset=\"https:\/\/www.associationdemarie.org\/blog\/wp-content\/uploads\/2019\/04\/samedi-saint.-jesus-est-descendu-aux-enfers-ou-ceux-qui-sont-morts-en-christ-sont-liberes.jpg 1380w, https:\/\/www.associationdemarie.org\/blog\/wp-content\/uploads\/2019\/04\/samedi-saint.-jesus-est-descendu-aux-enfers-ou-ceux-qui-sont-morts-en-christ-sont-liberes-300x258.jpg 300w, https:\/\/www.associationdemarie.org\/blog\/wp-content\/uploads\/2019\/04\/samedi-saint.-jesus-est-descendu-aux-enfers-ou-ceux-qui-sont-morts-en-christ-sont-liberes-768x660.jpg 768w, https:\/\/www.associationdemarie.org\/blog\/wp-content\/uploads\/2019\/04\/samedi-saint.-jesus-est-descendu-aux-enfers-ou-ceux-qui-sont-morts-en-christ-sont-liberes-1024x880.jpg 1024w\" sizes=\"auto, (max-width: 453px) 100vw, 453px\" \/><\/a><\/p>\n<p>Nous les mortels, nous devons dormir pour r\u00e9parer nos forces et donc interrompre notre vie par cette image de la mort, qui nous laisse au moins des bribes de vie. Ainsi, tous ceux qui veillent dans la chastet\u00e9, l&rsquo;innocence et la ferveur se pr\u00e9parent sans nul doute \u00e0 la vie des anges\u00a0; contre ce fardeau de mort, ils trouvent gr\u00e2ce dans l&rsquo;\u00e9ternit\u00e9&#8230; Maintenant, mes fr\u00e8res, \u00e9coutez les quelques mots que je vais dire sur la veille que nous accomplissons cette nuit&#8230;<\/p>\n<p>Notre Seigneur J\u00e9sus Christ est ressuscit\u00e9 d&rsquo;entre les morts le troisi\u00e8me jour\u00a0: nul chr\u00e9tien n&rsquo;a de doute l\u00e0-dessus. Les saints \u00e9vangiles attestent que l&rsquo;\u00e9v\u00e9nement s&rsquo;est produit en cette nuit&#8230; Ce n&rsquo;est pas de la lumi\u00e8re aux t\u00e9n\u00e8bres mais des t\u00e9n\u00e8bres \u00e0 la lumi\u00e8re que nous nous effor\u00e7ons de monter. L&rsquo;ap\u00f4tre Paul nous y engage\u00a0: \u00ab\u00a0La nuit est bien avanc\u00e9e\u00a0; le jour est arriv\u00e9. Laissons l\u00e0 les \u0153uvres de t\u00e9n\u00e8bres et rev\u00eatons les armes de lumi\u00e8re\u00a0\u00bb (Rm 13,12)&#8230; Nous veillons donc en cette nuit o\u00f9 le Seigneur est ressuscit\u00e9 et o\u00f9 il a commenc\u00e9 en sa propre chair la vie dont je vous parlais \u00e0 l&rsquo;instant, qui ne conna\u00eet ni mort ni sommeil. Et cette chair qu&rsquo;il a relev\u00e9e du tombeau ne mourra plus, et ne retombera plus sous la loi de la mort.<\/p>\n<p>Les femmes qui l&rsquo;aimaient sont venues \u00e0 l&rsquo;aube visiter son tombeau\u00a0; au lieu de trouver son corps, elles entendirent des anges leur annoncer la r\u00e9surrection. Il est donc clair qu&rsquo;il est ressuscit\u00e9 la nuit qui pr\u00e9c\u00e9dait cette aube. Ainsi, celui dont nous c\u00e9l\u00e9brons la r\u00e9surrection en nos veilles prolong\u00e9es, celui-l\u00e0 nous donnera de r\u00e9gner avec lui dans une vie sans fin. Et quand bien m\u00eame, \u00e0 l&rsquo;heure o\u00f9 nous veillons, son corps soit encore dans la tombe et qu&rsquo;il ne soit pas encore ressuscit\u00e9, notre veille garderait tout son sens\u00a0: car il a dormi pour que nous veillions, Lui qui est mort pour que nous vivions.<\/p>\n<h3 class=\"commentary-author font-2 ng-binding\">Saint Augustin (354-430)<\/h3>\n<p>&nbsp;<\/p>\n<p>&nbsp;<\/p>\n<p>&nbsp;<\/p>\n","protected":false},"excerpt":{"rendered":"<p>Nous les mortels, nous devons dormir pour r\u00e9parer nos forces et donc interrompre notre vie par cette image de la mort, qui nous laisse au moins des bribes de vie. Ainsi, tous ceux qui veillent dans la chastet\u00e9, l&rsquo;innocence et la ferveur se pr\u00e9parent sans nul doute \u00e0 la vie des anges\u00a0; contre ce fardeau [&hellip;]<\/p>\n","protected":false},"author":2,"featured_media":0,"comment_status":"closed","ping_status":"closed","sticky":false,"template":"","format":"standard","meta":{"footnotes":""},"categories":[3,13,1261],"tags":[131,184,953,972,1012,1175],"class_list":["post-17405","post","type-post","status-publish","format-standard","hentry","category-liturgique","category-ecritures","category-enseignement-2","tag-bapteme","tag-careme","tag-samedi-saint","tag-semaine-sainte","tag-st-augustin","tag-veillez"],"_links":{"self":[{"href":"https:\/\/www.associationdemarie.org\/blog\/wp-json\/wp\/v2\/posts\/17405","targetHints":{"allow":["GET"]}}],"collection":[{"href":"https:\/\/www.associationdemarie.org\/blog\/wp-json\/wp\/v2\/posts"}],"about":[{"href":"https:\/\/www.associationdemarie.org\/blog\/wp-json\/wp\/v2\/types\/post"}],"author":[{"embeddable":true,"href":"https:\/\/www.associationdemarie.org\/blog\/wp-json\/wp\/v2\/users\/2"}],"replies":[{"embeddable":true,"href":"https:\/\/www.associationdemarie.org\/blog\/wp-json\/wp\/v2\/comments?post=17405"}],"version-history":[{"count":1,"href":"https:\/\/www.associationdemarie.org\/blog\/wp-json\/wp\/v2\/posts\/17405\/revisions"}],"predecessor-version":[{"id":17407,"href":"https:\/\/www.associationdemarie.org\/blog\/wp-json\/wp\/v2\/posts\/17405\/revisions\/17407"}],"wp:attachment":[{"href":"https:\/\/www.associationdemarie.org\/blog\/wp-json\/wp\/v2\/media?parent=17405"}],"wp:term":[{"taxonomy":"category","embeddable":true,"href":"https:\/\/www.associationdemarie.org\/blog\/wp-json\/wp\/v2\/categories?post=17405"},{"taxonomy":"post_tag","embeddable":true,"href":"https:\/\/www.associationdemarie.org\/blog\/wp-json\/wp\/v2\/tags?post=17405"}],"curies":[{"name":"wp","href":"https:\/\/api.w.org\/{rel}","templated":true}]}}