{"id":17401,"date":"2019-04-19T01:34:35","date_gmt":"2019-04-19T00:34:35","guid":{"rendered":"http:\/\/www.associationdemarie.org\/blog\/?p=17401"},"modified":"2019-04-12T16:37:09","modified_gmt":"2019-04-12T15:37:09","slug":"vendredi-saint-celebration-de-la-passion-du-seigneur-2","status":"publish","type":"post","link":"https:\/\/www.associationdemarie.org\/blog\/vendredi-saint-celebration-de-la-passion-du-seigneur-2\/","title":{"rendered":"Vendredi Saint : C\u00e9l\u00e9bration de la Passion du Seigneur"},"content":{"rendered":"<p><a href=\"https:\/\/www.associationdemarie.org\/blog\/wp-content\/uploads\/2019\/04\/christ-croix-glorieuse.jpg\"><img loading=\"lazy\" decoding=\"async\" class=\"aligncenter  wp-image-17402\" src=\"https:\/\/www.associationdemarie.org\/blog\/wp-content\/uploads\/2019\/04\/christ-croix-glorieuse.jpg\" alt=\"\" width=\"462\" height=\"354\" srcset=\"https:\/\/www.associationdemarie.org\/blog\/wp-content\/uploads\/2019\/04\/christ-croix-glorieuse.jpg 499w, https:\/\/www.associationdemarie.org\/blog\/wp-content\/uploads\/2019\/04\/christ-croix-glorieuse-300x230.jpg 300w\" sizes=\"auto, (max-width: 462px) 100vw, 462px\" \/><\/a><\/p>\n<p>\u00ab\u00a0Au commencement \u00e9tait le Verbe, la Parole de Dieu.\u00a0\u00bb (Jn 1,1) Il est identique \u00e0 lui-m\u00eame\u00a0; ce qu&rsquo;il est, il l&rsquo;est toujours\u00a0; il ne peut changer, il est l&rsquo;\u00eatre. C&rsquo;est le nom qu&rsquo;il fit conna\u00eetre \u00e0 son serviteur Mo\u00efse\u00a0: \u00ab\u00a0Je suis celui qui suis\u00a0\u00bb et \u00ab\u00a0Tu diras\u00a0: Celui qui est, m&rsquo;a envoy\u00e9\u00a0\u00bb (Ex 3,14)&#8230; Qui peut le comprendre\u00a0? Ou qui pourra parvenir \u00e0 lui \u2013- \u00e0 supposer qu&rsquo;il dirige toutes les forces de son esprit pour atteindre tant bien que mal celui qui est\u00a0? Je le comparerai \u00e0 un exil\u00e9, qui de loin voit sa patrie\u00a0: la mer l&rsquo;en s\u00e9pare\u00a0; il voit o\u00f9 aller, mais n&rsquo;a pas le moyen d&rsquo;y aller. Ainsi nous voulons parvenir \u00e0 ce port d\u00e9finitif qui sera n\u00f4tre, l\u00e0 o\u00f9 est celui qui est, car lui seul est toujours le m\u00eame, mais l&rsquo;oc\u00e9an de ce monde nous coupe la voie&#8230;<\/p>\n<p>Pour nous donner le moyen d&rsquo;y aller, celui qui nous appelle est venu de l\u00e0-bas\u00a0; il a choisi un bois pour nous faire traverser la mer\u00a0: oui, nul ne peut traverser l&rsquo;oc\u00e9an de ce monde que port\u00e9 par la croix du Christ. M\u00eame un aveugle peut \u00e9treindre cette croix\u00a0; si tu ne vois pas bien o\u00f9 tu vas, ne la l\u00e2che pas\u00a0: elle te conduira d&rsquo;elle-m\u00eame. Voil\u00e0 mes fr\u00e8res ce que j&rsquo;aimerais faire entrer dans vos c\u0153urs\u00a0: si vous voulez vivre dans l&rsquo;esprit de pi\u00e9t\u00e9, dans l&rsquo;esprit chr\u00e9tien, attachez-vous au Christ tel qu&rsquo;il s&rsquo;est fait pour nous, afin de le rejoindre tel qu&rsquo;il est, et tel qu&rsquo;il a toujours \u00e9t\u00e9. C&rsquo;est pour cela qu&rsquo;il est descendu jusqu&rsquo;\u00e0 nous, car il s&rsquo;est fait homme afin de porter les infirmes, de leur faire traverser la mer et de leur faire aborder dans la patrie, o\u00f9 il n&rsquo;est plus besoin de navire parce qu&rsquo;il n&rsquo;y a plus d&rsquo;oc\u00e9an \u00e0 passer. \u00c0 tout prendre, mieux vaudrait ne pas voir par l&rsquo;esprit celui qui est, mais embrasser la croix du Christ, que le voir par l&rsquo;esprit et m\u00e9priser la croix. Puissions-nous, pour notre bonheur, \u00e0 la fois voir o\u00f9 nous allons et nous cramponner au navire qui nous emporte&#8230;\u00a0! Certains y ont r\u00e9ussi, et ils ont vu ce qu&rsquo;il est. C&rsquo;est parce qu&rsquo;il l&rsquo;a vu que Jean a dit\u00a0: \u00ab\u00a0Au commencement \u00e9tait le Verbe, et le Verbe \u00e9tait face \u00e0 Dieu, et le Verbe \u00e9tait Dieu.\u00a0\u00bb Ils l&rsquo;ont vu\u00a0; et pour parvenir \u00e0 ce qu&rsquo;ils voyaient de loin, ils se sont attach\u00e9s \u00e0 la croix du Christ, ils n&rsquo;ont pas m\u00e9pris\u00e9 l&rsquo;humilit\u00e9 du Christ.<\/p>\n<h3 class=\"commentary-author font-2 ng-binding\">Saint Augustin (354-430)<\/h3>\n<p>&nbsp;<\/p>\n<p>&nbsp;<\/p>\n<p>&nbsp;<\/p>\n","protected":false},"excerpt":{"rendered":"<p>\u00ab\u00a0Au commencement \u00e9tait le Verbe, la Parole de Dieu.\u00a0\u00bb (Jn 1,1) Il est identique \u00e0 lui-m\u00eame\u00a0; ce qu&rsquo;il est, il l&rsquo;est toujours\u00a0; il ne peut changer, il est l&rsquo;\u00eatre. C&rsquo;est le nom qu&rsquo;il fit conna\u00eetre \u00e0 son serviteur Mo\u00efse\u00a0: \u00ab\u00a0Je suis celui qui suis\u00a0\u00bb et \u00ab\u00a0Tu diras\u00a0: Celui qui est, m&rsquo;a envoy\u00e9\u00a0\u00bb (Ex 3,14)&#8230; Qui [&hellip;]<\/p>\n","protected":false},"author":2,"featured_media":0,"comment_status":"closed","ping_status":"closed","sticky":false,"template":"","format":"standard","meta":{"footnotes":""},"categories":[3,13,1261],"tags":[184,777,972,1012,1177],"class_list":["post-17401","post","type-post","status-publish","format-standard","hentry","category-liturgique","category-ecritures","category-enseignement-2","tag-careme","tag-passion","tag-semaine-sainte","tag-st-augustin","tag-vendredi-saint"],"_links":{"self":[{"href":"https:\/\/www.associationdemarie.org\/blog\/wp-json\/wp\/v2\/posts\/17401","targetHints":{"allow":["GET"]}}],"collection":[{"href":"https:\/\/www.associationdemarie.org\/blog\/wp-json\/wp\/v2\/posts"}],"about":[{"href":"https:\/\/www.associationdemarie.org\/blog\/wp-json\/wp\/v2\/types\/post"}],"author":[{"embeddable":true,"href":"https:\/\/www.associationdemarie.org\/blog\/wp-json\/wp\/v2\/users\/2"}],"replies":[{"embeddable":true,"href":"https:\/\/www.associationdemarie.org\/blog\/wp-json\/wp\/v2\/comments?post=17401"}],"version-history":[{"count":2,"href":"https:\/\/www.associationdemarie.org\/blog\/wp-json\/wp\/v2\/posts\/17401\/revisions"}],"predecessor-version":[{"id":17404,"href":"https:\/\/www.associationdemarie.org\/blog\/wp-json\/wp\/v2\/posts\/17401\/revisions\/17404"}],"wp:attachment":[{"href":"https:\/\/www.associationdemarie.org\/blog\/wp-json\/wp\/v2\/media?parent=17401"}],"wp:term":[{"taxonomy":"category","embeddable":true,"href":"https:\/\/www.associationdemarie.org\/blog\/wp-json\/wp\/v2\/categories?post=17401"},{"taxonomy":"post_tag","embeddable":true,"href":"https:\/\/www.associationdemarie.org\/blog\/wp-json\/wp\/v2\/tags?post=17401"}],"curies":[{"name":"wp","href":"https:\/\/api.w.org\/{rel}","templated":true}]}}