{"id":174,"date":"2009-03-31T19:51:47","date_gmt":"2009-03-31T19:51:47","guid":{"rendered":"http:\/\/preprod.meltem-int.com\/marie\/blog\/?p=174"},"modified":"2009-03-31T19:51:47","modified_gmt":"2009-03-31T19:51:47","slug":"veneration-des-reliques-du-padre","status":"publish","type":"post","link":"https:\/\/www.associationdemarie.org\/blog\/veneration-des-reliques-du-padre\/","title":{"rendered":"V\u00e9n\u00e9ration des reliques du Padre"},"content":{"rendered":"<p><img loading=\"lazy\" decoding=\"async\" class=\"alignright size-medium wp-image-173\" title=\"Reliques Padre\" src=\"https:\/\/www.associationdemarie.org\/blog\/wp-content\/uploads\/2009\/05\/reliques-padre-300x209.jpg\" alt=\"Reliques Padre\" width=\"300\" height=\"209\" srcset=\"https:\/\/www.associationdemarie.org\/blog\/wp-content\/uploads\/2009\/05\/reliques-padre-300x209.jpg 300w, https:\/\/www.associationdemarie.org\/blog\/wp-content\/uploads\/2009\/05\/reliques-padre.jpg 717w\" sizes=\"auto, (max-width: 300px) 100vw, 300px\" \/>Les saints sont des hommes comme nous, qui ont suivi J\u00e9sus sur le chemin de la perfection quotidienne. Ils ont \u00e9t\u00e9, comme chacun de nous est appel\u00e9 \u00e0 l&rsquo;\u00eatre, temples de l&rsquo;Esprit Saint, dociles \u00e0 l&rsquo;action de la gr\u00e2ce de Dieu. Le christianisme, fond\u00e9 sur l&rsquo;\u00e9v\u00e8nement de l&rsquo;incarnation, de la mort et de la r\u00e9surrection du fils de Dieu sur notre terre \u00e0 un moment pr\u00e9cis de l&rsquo;histoire de l&rsquo;humanit\u00e9, a toujours port\u00e9 beaucoup d&rsquo;attention et de respect pour les corps. M\u00eame les membres mortels de saints ont \u00e9t\u00e9 porteurs de la gr\u00e2ce. C&rsquo;est pourquoi nous v\u00e9n\u00e9rons les reliques des saints.<\/p>\n<p>Il est important de rappeler que Padre Pio a \u00e9t\u00e9 un grand saint parce qu&rsquo;il a donn\u00e9 sa vie \u00e0 Dieu, a su souffrir pour J\u00e9sus et a v\u00e9cu en priant et en aidant tant d&rsquo;\u00e2mes \u00e0 retrouver la foi et \u00e0 exp\u00e9rimenter la mis\u00e9ricorde divine. Qui le v\u00e9n\u00e8re, qui se met dans la file pour s&rsquo;approcher de l&rsquo;urne qui conserve sa d\u00e9pouille, le sait bien. Il sait que ce qui compte est la foi en Dieu, en son fils J\u00e9sus Christ. Il sait que ce qui compte est d&rsquo;approcher les sacrements, de prier, de confier notre vie \u00e0 notre Cr\u00e9ateur. V\u00e9n\u00e9rer Saint Padre Pio de Pietracalcina ne sert \u00e0 rien sinon \u00e0 cela.<\/p>\n","protected":false},"excerpt":{"rendered":"<p>Les saints sont des hommes comme nous, qui ont suivi J\u00e9sus sur le chemin de la perfection quotidienne. Ils ont \u00e9t\u00e9, comme chacun de nous est appel\u00e9 \u00e0 l&rsquo;\u00eatre, temples de l&rsquo;Esprit Saint, dociles \u00e0 l&rsquo;action de la gr\u00e2ce de Dieu. Le christianisme, fond\u00e9 sur l&rsquo;\u00e9v\u00e8nement de l&rsquo;incarnation, de la mort et de la r\u00e9surrection [&hellip;]<\/p>\n","protected":false},"author":1,"featured_media":0,"comment_status":"closed","ping_status":"closed","sticky":false,"template":"","format":"standard","meta":{"footnotes":""},"categories":[25,28],"tags":[],"class_list":["post-174","post","type-post","status-publish","format-standard","hentry","category-pelerinage","category-saints-et-saintes"],"_links":{"self":[{"href":"https:\/\/www.associationdemarie.org\/blog\/wp-json\/wp\/v2\/posts\/174","targetHints":{"allow":["GET"]}}],"collection":[{"href":"https:\/\/www.associationdemarie.org\/blog\/wp-json\/wp\/v2\/posts"}],"about":[{"href":"https:\/\/www.associationdemarie.org\/blog\/wp-json\/wp\/v2\/types\/post"}],"author":[{"embeddable":true,"href":"https:\/\/www.associationdemarie.org\/blog\/wp-json\/wp\/v2\/users\/1"}],"replies":[{"embeddable":true,"href":"https:\/\/www.associationdemarie.org\/blog\/wp-json\/wp\/v2\/comments?post=174"}],"version-history":[{"count":0,"href":"https:\/\/www.associationdemarie.org\/blog\/wp-json\/wp\/v2\/posts\/174\/revisions"}],"wp:attachment":[{"href":"https:\/\/www.associationdemarie.org\/blog\/wp-json\/wp\/v2\/media?parent=174"}],"wp:term":[{"taxonomy":"category","embeddable":true,"href":"https:\/\/www.associationdemarie.org\/blog\/wp-json\/wp\/v2\/categories?post=174"},{"taxonomy":"post_tag","embeddable":true,"href":"https:\/\/www.associationdemarie.org\/blog\/wp-json\/wp\/v2\/tags?post=174"}],"curies":[{"name":"wp","href":"https:\/\/api.w.org\/{rel}","templated":true}]}}