{"id":17397,"date":"2019-04-18T01:05:30","date_gmt":"2019-04-18T00:05:30","guid":{"rendered":"http:\/\/www.associationdemarie.org\/blog\/?p=17397"},"modified":"2019-04-12T09:10:14","modified_gmt":"2019-04-12T08:10:14","slug":"jeudi-saint-5","status":"publish","type":"post","link":"https:\/\/www.associationdemarie.org\/blog\/jeudi-saint-5\/","title":{"rendered":"Jeudi Saint"},"content":{"rendered":"<p><a href=\"https:\/\/www.associationdemarie.org\/blog\/wp-content\/uploads\/2019\/04\/jesus-washing-apostles-feet-39588-gallery.jpg\"><img loading=\"lazy\" decoding=\"async\" class=\"aligncenter  wp-image-17398\" src=\"https:\/\/www.associationdemarie.org\/blog\/wp-content\/uploads\/2019\/04\/jesus-washing-apostles-feet-39588-gallery.jpg\" alt=\"\" width=\"451\" height=\"306\" srcset=\"https:\/\/www.associationdemarie.org\/blog\/wp-content\/uploads\/2019\/04\/jesus-washing-apostles-feet-39588-gallery.jpg 659w, https:\/\/www.associationdemarie.org\/blog\/wp-content\/uploads\/2019\/04\/jesus-washing-apostles-feet-39588-gallery-300x203.jpg 300w\" sizes=\"auto, (max-width: 451px) 100vw, 451px\" \/><\/a><\/p>\n<p>Dieu est charit\u00e9 (1 Jn 4, 8). Et celui qui entreprendrait de le d\u00e9finir serait un aveugle voulant compter les grains de sable de la mer.<\/p>\n<p>La charit\u00e9 quant \u00e0 sa nature, est une ressemblance avec Dieu, pour autant qu&rsquo;il est possible aux mortels de lui ressembler\u00a0; quant \u00e0 son activit\u00e9, c&rsquo;est une ivresse de l&rsquo;\u00e2me\u00a0; quant \u00e0 sa vertu propre, c&rsquo;est la source de la foi, un ab\u00eeme de patience, un oc\u00e9an d&rsquo;humilit\u00e9.<\/p>\n<p>La charit\u00e9 est avant tout le rejet de toute pens\u00e9e d&rsquo;inimiti\u00e9, car la charit\u00e9 ne pense pas le mal. La charit\u00e9, l&rsquo;impassibilit\u00e9 et l&rsquo;adoption filiale ne se distinguent que par le nom. Comme la lumi\u00e8re, le feu et la flamme concourent \u00e0 un seul effet, il en est de m\u00eame pour ces trois r\u00e9alit\u00e9s.<\/p>\n<p>Celui qui a parfaitement uni \u00e0 Dieu sa sensibilit\u00e9 profonde est initi\u00e9 par lui au myst\u00e8re de ses paroles\u00a0; mais sans cette union, il est difficile de parler de Dieu.<\/p>\n<p>Si le visage d&rsquo;un \u00eatre aim\u00e9 produit dans tout notre \u00eatre un changement manifeste et nous rend joyeux, gais et insouciants, que ne fera pas la face du Seigneur dans une \u00e2me pure quand il viendra y demeurer.<\/p>\n<h3 class=\"commentary-author font-2 ng-binding\">Saint Jean Climaque (v. 575-v. 650)<\/h3>\n<p>&nbsp;<\/p>\n<p>&nbsp;<\/p>\n<p>&nbsp;<\/p>\n<p>&nbsp;<\/p>\n<p>&nbsp;<\/p>\n","protected":false},"excerpt":{"rendered":"<p>Dieu est charit\u00e9 (1 Jn 4, 8). Et celui qui entreprendrait de le d\u00e9finir serait un aveugle voulant compter les grains de sable de la mer. La charit\u00e9 quant \u00e0 sa nature, est une ressemblance avec Dieu, pour autant qu&rsquo;il est possible aux mortels de lui ressembler\u00a0; quant \u00e0 son activit\u00e9, c&rsquo;est une ivresse de [&hellip;]<\/p>\n","protected":false},"author":2,"featured_media":0,"comment_status":"closed","ping_status":"closed","sticky":false,"template":"","format":"standard","meta":{"footnotes":""},"categories":[3,13,1261],"tags":[184,203,305,539,972,1425],"class_list":["post-17397","post","type-post","status-publish","format-standard","hentry","category-liturgique","category-ecritures","category-enseignement-2","tag-careme","tag-charite","tag-disciples","tag-jeudi-saint","tag-semaine-sainte","tag-st-jean-climaque"],"_links":{"self":[{"href":"https:\/\/www.associationdemarie.org\/blog\/wp-json\/wp\/v2\/posts\/17397","targetHints":{"allow":["GET"]}}],"collection":[{"href":"https:\/\/www.associationdemarie.org\/blog\/wp-json\/wp\/v2\/posts"}],"about":[{"href":"https:\/\/www.associationdemarie.org\/blog\/wp-json\/wp\/v2\/types\/post"}],"author":[{"embeddable":true,"href":"https:\/\/www.associationdemarie.org\/blog\/wp-json\/wp\/v2\/users\/2"}],"replies":[{"embeddable":true,"href":"https:\/\/www.associationdemarie.org\/blog\/wp-json\/wp\/v2\/comments?post=17397"}],"version-history":[{"count":2,"href":"https:\/\/www.associationdemarie.org\/blog\/wp-json\/wp\/v2\/posts\/17397\/revisions"}],"predecessor-version":[{"id":17400,"href":"https:\/\/www.associationdemarie.org\/blog\/wp-json\/wp\/v2\/posts\/17397\/revisions\/17400"}],"wp:attachment":[{"href":"https:\/\/www.associationdemarie.org\/blog\/wp-json\/wp\/v2\/media?parent=17397"}],"wp:term":[{"taxonomy":"category","embeddable":true,"href":"https:\/\/www.associationdemarie.org\/blog\/wp-json\/wp\/v2\/categories?post=17397"},{"taxonomy":"post_tag","embeddable":true,"href":"https:\/\/www.associationdemarie.org\/blog\/wp-json\/wp\/v2\/tags?post=17397"}],"curies":[{"name":"wp","href":"https:\/\/api.w.org\/{rel}","templated":true}]}}