{"id":17389,"date":"2019-04-16T01:25:06","date_gmt":"2019-04-16T00:25:06","guid":{"rendered":"http:\/\/www.associationdemarie.org\/blog\/?p=17389"},"modified":"2019-04-11T10:27:58","modified_gmt":"2019-04-11T09:27:58","slug":"mardi-saint-2","status":"publish","type":"post","link":"https:\/\/www.associationdemarie.org\/blog\/mardi-saint-2\/","title":{"rendered":"Mardi Saint"},"content":{"rendered":"<p><a href=\"https:\/\/www.associationdemarie.org\/blog\/wp-content\/uploads\/2019\/04\/image.png\"><img loading=\"lazy\" decoding=\"async\" class=\"aligncenter  wp-image-17390\" src=\"https:\/\/www.associationdemarie.org\/blog\/wp-content\/uploads\/2019\/04\/image.png\" alt=\"\" width=\"400\" height=\"408\" srcset=\"https:\/\/www.associationdemarie.org\/blog\/wp-content\/uploads\/2019\/04\/image.png 571w, https:\/\/www.associationdemarie.org\/blog\/wp-content\/uploads\/2019\/04\/image-294x300.png 294w\" sizes=\"auto, (max-width: 400px) 100vw, 400px\" \/><\/a><\/p>\n<p><strong>Bon pasteur qui as donn\u00e9 ta vie pour tes brebis (Jn 10,11), h\u00e2te-toi, toi le saint, sauve ton troupeau&#8230; <\/strong><\/p>\n<p>Apr\u00e8s le repas, le Christ a dit\u00a0: \u00ab\u00a0Mes enfants, mes chers disciples, cette nuit vous me renierez tous et vous me fuirez\u00a0\u00bb (cf Jn 16,32). Et comme tous \u00e9taient saisis d&rsquo;une m\u00eame stupeur, Pierre s&rsquo;est exclam\u00e9\u00a0: \u00ab\u00a0Quand bien m\u00eame tous renieraient, moi je ne renie pas. Je serai avec toi\u00a0; avec toi je mourrai en te criant\u00a0: H\u00e2te-toi, toi le saint, sauve ton troupeau.<\/p>\n<p>\u00ab\u00a0Que dis-tu, Ma\u00eetre\u00a0? Moi, te renier\u00a0? Moi, t&rsquo;abandonner et m&rsquo;enfuir\u00a0? Et ton appel, et l&rsquo;honneur que tu m&rsquo;as fait, je ne m&rsquo;en souviendrais plus\u00a0? Je me rappelle encore comment tu m&rsquo;as lav\u00e9 les pieds, et tu dis\u00a0: \u2018Tu me renieras\u2019\u00a0? Je te revois t&rsquo;approcher en portant un bassin, toi qui soutiens la terre et portes le ciel. De ces mains dont j&rsquo;ai \u00e9t\u00e9 fa\u00e7onn\u00e9, mes pieds viennent d&rsquo;\u00eatre lav\u00e9s, et tu d\u00e9clares que je tomberai et que je ne te crierai plus\u00a0: H\u00e2te-toi, toi le saint, sauve ton troupeau\u00a0\u00bb\u00a0? &#8230;<\/p>\n<p>Sur ces mots, le cr\u00e9ateur de l&rsquo;homme a r\u00e9pondu \u00e0 Pierre\u00a0: \u00ab\u00a0Que me dis-tu, Pierre, mon ami\u00a0? Tu ne me renieras pas\u00a0? Tu ne me fuiras pas\u00a0? Tu ne me rejetteras pas\u00a0? Je le veux bien, moi aussi, mais ta foi est chancelante, et tu ne r\u00e9sistes pas aux tentations. Te rappelles-tu comment tu as failli te noyer si je ne t&rsquo;avais pas tendu la main\u00a0? Car tu as bien march\u00e9 sur la mer, comme moi-m\u00eame, mais aussit\u00f4t tu as h\u00e9sit\u00e9 et bien vite tu as succomb\u00e9 (Mt 14,28s). Alors j&rsquo;ai accouru vers toi qui criais\u00a0: H\u00e2te-toi, toi le saint, sauve ton troupeau.<\/p>\n<p>\u00ab\u00a0Voici, d\u00e8s maintenant je te le dis\u00a0: avant que chante le coq, trois fois tu me trahiras, et, laissant battre de toutes parts et submerger ton esprit comme par les vagues de la mer, trois fois tu me renieras. Toi qui alors avais cri\u00e9 et qui maintenant pleureras, tu ne me trouveras plus pour te donner la main comme la premi\u00e8re fois\u00a0: c&rsquo;est que je m&rsquo;en servirai pour \u00e9crire une lettre de r\u00e9mission en faveur de tous les descendants d&rsquo;Adam. De ma chair que tu vois je ferai un papier, et de mon sang de l&rsquo;encre pour y inscrire le don que je distribue sans rel\u00e2che \u00e0 ceux qui crient\u00a0: H\u00e2te-toi, toi le saint, sauve ton troupeau\u00a0!\u00a0\u00bb<\/p>\n<h3 class=\"commentary-author font-2 ng-binding\">Saint Romanos le M\u00e9lode (?-v. 560)<\/h3>\n<p>&nbsp;<\/p>\n<p>&nbsp;<\/p>\n<p>&nbsp;<\/p>\n<p>&nbsp;<\/p>\n<p>&nbsp;<\/p>\n<p>&nbsp;<\/p>\n","protected":false},"excerpt":{"rendered":"<p>Bon pasteur qui as donn\u00e9 ta vie pour tes brebis (Jn 10,11), h\u00e2te-toi, toi le saint, sauve ton troupeau&#8230; Apr\u00e8s le repas, le Christ a dit\u00a0: \u00ab\u00a0Mes enfants, mes chers disciples, cette nuit vous me renierez tous et vous me fuirez\u00a0\u00bb (cf Jn 16,32). Et comme tous \u00e9taient saisis d&rsquo;une m\u00eame stupeur, Pierre s&rsquo;est exclam\u00e9\u00a0: [&hellip;]<\/p>\n","protected":false},"author":2,"featured_media":0,"comment_status":"closed","ping_status":"closed","sticky":false,"template":"","format":"standard","meta":{"footnotes":""},"categories":[3,13],"tags":[305,1332,883,972,1071],"class_list":["post-17389","post","type-post","status-publish","format-standard","hentry","category-liturgique","category-ecritures","tag-disciples","tag-mardi-saint","tag-reniement","tag-semaine-sainte","tag-st-pierre"],"_links":{"self":[{"href":"https:\/\/www.associationdemarie.org\/blog\/wp-json\/wp\/v2\/posts\/17389","targetHints":{"allow":["GET"]}}],"collection":[{"href":"https:\/\/www.associationdemarie.org\/blog\/wp-json\/wp\/v2\/posts"}],"about":[{"href":"https:\/\/www.associationdemarie.org\/blog\/wp-json\/wp\/v2\/types\/post"}],"author":[{"embeddable":true,"href":"https:\/\/www.associationdemarie.org\/blog\/wp-json\/wp\/v2\/users\/2"}],"replies":[{"embeddable":true,"href":"https:\/\/www.associationdemarie.org\/blog\/wp-json\/wp\/v2\/comments?post=17389"}],"version-history":[{"count":1,"href":"https:\/\/www.associationdemarie.org\/blog\/wp-json\/wp\/v2\/posts\/17389\/revisions"}],"predecessor-version":[{"id":17391,"href":"https:\/\/www.associationdemarie.org\/blog\/wp-json\/wp\/v2\/posts\/17389\/revisions\/17391"}],"wp:attachment":[{"href":"https:\/\/www.associationdemarie.org\/blog\/wp-json\/wp\/v2\/media?parent=17389"}],"wp:term":[{"taxonomy":"category","embeddable":true,"href":"https:\/\/www.associationdemarie.org\/blog\/wp-json\/wp\/v2\/categories?post=17389"},{"taxonomy":"post_tag","embeddable":true,"href":"https:\/\/www.associationdemarie.org\/blog\/wp-json\/wp\/v2\/tags?post=17389"}],"curies":[{"name":"wp","href":"https:\/\/api.w.org\/{rel}","templated":true}]}}