{"id":17336,"date":"2019-04-01T01:25:17","date_gmt":"2019-04-01T00:25:17","guid":{"rendered":"http:\/\/www.associationdemarie.org\/blog\/?p=17336"},"modified":"2019-03-25T15:28:22","modified_gmt":"2019-03-25T14:28:22","slug":"ton-fils-est-vivant","status":"publish","type":"post","link":"https:\/\/www.associationdemarie.org\/blog\/ton-fils-est-vivant\/","title":{"rendered":"\u00ab Ton fils est vivant ! \u00bb"},"content":{"rendered":"<p><a href=\"https:\/\/www.associationdemarie.org\/blog\/wp-content\/uploads\/2019\/03\/croire.jpg\"><img loading=\"lazy\" decoding=\"async\" class=\"aligncenter wp-image-17337\" src=\"https:\/\/www.associationdemarie.org\/blog\/wp-content\/uploads\/2019\/03\/croire.jpg\" alt=\"\" width=\"455\" height=\"291\" srcset=\"https:\/\/www.associationdemarie.org\/blog\/wp-content\/uploads\/2019\/03\/croire.jpg 506w, https:\/\/www.associationdemarie.org\/blog\/wp-content\/uploads\/2019\/03\/croire-300x192.jpg 300w\" sizes=\"auto, (max-width: 455px) 100vw, 455px\" \/><\/a><\/p>\n<p>\u00ab\u00a0Si le Christ a connu la mort, puis la vie, c&rsquo;est pour \u00eatre le Seigneur des morts et des vivants\u00a0\u00bb (Rm 14,9). Mais \u00ab\u00a0Dieu n&rsquo;est pas le Dieu des morts, il est le Dieu des vivants\u00a0\u00bb (Lc 20,38). Donc, puisque ce Seigneur des morts est vivant, les morts ne sont plus des morts mais des vivants\u00a0: la vie r\u00e8gne en eux, pour qu&rsquo;ils vivent sans plus craindre la mort. De m\u00eame que \u00ab\u00a0le Christ, ressuscit\u00e9 des morts, ne meurt plus\u00a0\u00bb (Rm 6,9), de m\u00eame, relev\u00e9s et lib\u00e9r\u00e9s de leur \u00e9tat p\u00e9rissable, ils ne verront plus la mort. Ils participeront \u00e0 la r\u00e9surrection du Christ, comme lui-m\u00eame a pris part \u00e0 notre mort. En effet, le Christ n&rsquo;est descendu sur terre que pour \u00ab\u00a0broyer les portes de bronze et briser les verrous de fer\u00a0\u00bb (Ps 106,16) qui \u00e9taient ferm\u00e9s depuis toujours, et pour arracher notre vie de son \u00e9tat p\u00e9rissable et nous attirer vers lui, nous appelant de l&rsquo;esclavage \u00e0 la libert\u00e9.<\/p>\n<p>Si ce plan de salut n&rsquo;est pas encore accompli, car les hommes meurent encore et leurs corps se dissolvent dans la tombe, que ce ne soit nullement un obstacle pour la foi. Car d\u00e8s maintenant nous avons re\u00e7u les arrhes de tous les biens qui nous sont promis, en la personne de celui qui est notre premier n\u00e9\u00a0: par lui nous sommes mont\u00e9s au plus haut des cieux. En effet, nous si\u00e9geons aupr\u00e8s de celui qui nous a emport\u00e9s avec lui dans les hauteurs, comme saint Paul le dit\u00a0: \u00ab\u00a0Avec lui, Dieu nous a ressuscit\u00e9s et nous a fait asseoir dans les cieux avec le Christ\u00a0\u00bb (Ep 2,6).<\/p>\n<h3 class=\"commentary-author font-2 ng-binding\">Saint Anastase d&rsquo;Antioche (?-599)<\/h3>\n<p>&nbsp;<\/p>\n<p>&nbsp;<\/p>\n<p>&nbsp;<\/p>\n","protected":false},"excerpt":{"rendered":"<p>\u00ab\u00a0Si le Christ a connu la mort, puis la vie, c&rsquo;est pour \u00eatre le Seigneur des morts et des vivants\u00a0\u00bb (Rm 14,9). Mais \u00ab\u00a0Dieu n&rsquo;est pas le Dieu des morts, il est le Dieu des vivants\u00a0\u00bb (Lc 20,38). Donc, puisque ce Seigneur des morts est vivant, les morts ne sont plus des morts mais des [&hellip;]<\/p>\n","protected":false},"author":2,"featured_media":0,"comment_status":"closed","ping_status":"closed","sticky":false,"template":"","format":"standard","meta":{"footnotes":""},"categories":[13,1261],"tags":[184,418,1011],"class_list":["post-17336","post","type-post","status-publish","format-standard","hentry","category-ecritures","category-enseignement-2","tag-careme","tag-fils-prodigue","tag-st-athanase"],"_links":{"self":[{"href":"https:\/\/www.associationdemarie.org\/blog\/wp-json\/wp\/v2\/posts\/17336","targetHints":{"allow":["GET"]}}],"collection":[{"href":"https:\/\/www.associationdemarie.org\/blog\/wp-json\/wp\/v2\/posts"}],"about":[{"href":"https:\/\/www.associationdemarie.org\/blog\/wp-json\/wp\/v2\/types\/post"}],"author":[{"embeddable":true,"href":"https:\/\/www.associationdemarie.org\/blog\/wp-json\/wp\/v2\/users\/2"}],"replies":[{"embeddable":true,"href":"https:\/\/www.associationdemarie.org\/blog\/wp-json\/wp\/v2\/comments?post=17336"}],"version-history":[{"count":3,"href":"https:\/\/www.associationdemarie.org\/blog\/wp-json\/wp\/v2\/posts\/17336\/revisions"}],"predecessor-version":[{"id":17340,"href":"https:\/\/www.associationdemarie.org\/blog\/wp-json\/wp\/v2\/posts\/17336\/revisions\/17340"}],"wp:attachment":[{"href":"https:\/\/www.associationdemarie.org\/blog\/wp-json\/wp\/v2\/media?parent=17336"}],"wp:term":[{"taxonomy":"category","embeddable":true,"href":"https:\/\/www.associationdemarie.org\/blog\/wp-json\/wp\/v2\/categories?post=17336"},{"taxonomy":"post_tag","embeddable":true,"href":"https:\/\/www.associationdemarie.org\/blog\/wp-json\/wp\/v2\/tags?post=17336"}],"curies":[{"name":"wp","href":"https:\/\/api.w.org\/{rel}","templated":true}]}}