{"id":17333,"date":"2019-03-31T00:58:37","date_gmt":"2019-03-30T23:58:37","guid":{"rendered":"http:\/\/www.associationdemarie.org\/blog\/?p=17333"},"modified":"2019-03-25T06:00:41","modified_gmt":"2019-03-25T05:00:41","slug":"je-vais-retourner-chez-mon-pere","status":"publish","type":"post","link":"https:\/\/www.associationdemarie.org\/blog\/je-vais-retourner-chez-mon-pere\/","title":{"rendered":"\u00ab Je vais retourner chez mon p\u00e8re. \u00bb"},"content":{"rendered":"<p><a href=\"https:\/\/www.associationdemarie.org\/blog\/wp-content\/uploads\/2019\/03\/275x0_evangile1_34-35.jpg\"><img loading=\"lazy\" decoding=\"async\" class=\"aligncenter  wp-image-17334\" src=\"https:\/\/www.associationdemarie.org\/blog\/wp-content\/uploads\/2019\/03\/275x0_evangile1_34-35.jpg\" alt=\"\" width=\"386\" height=\"463\" srcset=\"https:\/\/www.associationdemarie.org\/blog\/wp-content\/uploads\/2019\/03\/275x0_evangile1_34-35.jpg 275w, https:\/\/www.associationdemarie.org\/blog\/wp-content\/uploads\/2019\/03\/275x0_evangile1_34-35-250x300.jpg 250w\" sizes=\"auto, (max-width: 386px) 100vw, 386px\" \/><\/a><\/p>\n<p>Si la conduite de ce jeune homme nous d\u00e9pla\u00eet, ce qui nous fait horreur, c&rsquo;est son d\u00e9part\u00a0: quant \u00e0 nous, ne nous \u00e9loignons jamais d&rsquo;un tel p\u00e8re\u00a0! La seule vue du p\u00e8re fait fuir les p\u00e9ch\u00e9s, repousse la faute, exclut toute inconduite et toute tentation. Mais, si nous sommes partis, si nous avons gaspill\u00e9 tout l&rsquo;h\u00e9ritage du p\u00e8re dans une vie de d\u00e9sordre, s&rsquo;il nous est arriv\u00e9 de commettre quelque faute ou m\u00e9fait, si nous sommes tomb\u00e9s dans le gouffre de l&rsquo;impi\u00e9t\u00e9 et dans un effondrement total, levons-nous une bonne fois et revenons \u00e0 un si bon p\u00e8re, invit\u00e9s par un si bel exemple.<\/p>\n<p>\u00ab\u00a0Quand le p\u00e8re le vit, il fut saisi de piti\u00e9, il courut se jeter \u00e0 son cou et le couvrit de baisers.\u00a0\u00bb Je vous le demande\u00a0: quelle place y-a-t-il ici pour le d\u00e9sespoir\u00a0? Quel pr\u00e9texte pour une excuse\u00a0? Quelle fausse raison de craindre\u00a0? \u00c0 moins peut-\u00eatre que l&rsquo;on craigne la rencontre du p\u00e8re, que l&rsquo;on ait peur de ses baisers et de ses embrassements\u00a0; \u00e0 moins que l&rsquo;on croie que le p\u00e8re veut saisir pour r\u00e9cup\u00e9rer, au lieu de recevoir pour pardonner, lorsqu&rsquo;il attire son enfant par la main, le prend sur son c\u0153ur, le serre dans ses bras. Mais une telle pens\u00e9e, qui \u00e9crase la vie, qui s&rsquo;oppose \u00e0 notre salut, est amplement vaincue, amplement an\u00e9antie par ce qui suit\u00a0: \u00ab\u00a0Le p\u00e8re dit \u00e0 ses domestiques\u00a0: Vite, apportez le plus beau v\u00eatement pour l&rsquo;habiller. Mettez-lui une bague au doigt et des sandales aux pieds. Allez chercher le veau gras, tuez-le\u00a0; mangeons et festoyons. Car mon fils que voil\u00e0 \u00e9tait mort, et il est revenu \u00e0 la vie\u00a0; il \u00e9tait perdu, et il est retrouv\u00e9.\u00a0\u00bb Apr\u00e8s avoir entendu cela, pouvons-nous encore tarder\u00a0? Qu&rsquo;attendons-nous pour revenir au p\u00e8re\u00a0?<\/p>\n<h3 class=\"commentary-author font-2 ng-binding\">Saint Pierre Chrysologue (v. 406-450)<\/h3>\n<p>&nbsp;<\/p>\n<p>&nbsp;<\/p>\n<p>&nbsp;<\/p>\n<p>&nbsp;<\/p>\n","protected":false},"excerpt":{"rendered":"<p>Si la conduite de ce jeune homme nous d\u00e9pla\u00eet, ce qui nous fait horreur, c&rsquo;est son d\u00e9part\u00a0: quant \u00e0 nous, ne nous \u00e9loignons jamais d&rsquo;un tel p\u00e8re\u00a0! La seule vue du p\u00e8re fait fuir les p\u00e9ch\u00e9s, repousse la faute, exclut toute inconduite et toute tentation. Mais, si nous sommes partis, si nous avons gaspill\u00e9 tout [&hellip;]<\/p>\n","protected":false},"author":2,"featured_media":0,"comment_status":"closed","ping_status":"closed","sticky":false,"template":"","format":"standard","meta":{"footnotes":""},"categories":[3,13,1261],"tags":[184,418,1072],"class_list":["post-17333","post","type-post","status-publish","format-standard","hentry","category-liturgique","category-ecritures","category-enseignement-2","tag-careme","tag-fils-prodigue","tag-st-pierre-chrysologue"],"_links":{"self":[{"href":"https:\/\/www.associationdemarie.org\/blog\/wp-json\/wp\/v2\/posts\/17333","targetHints":{"allow":["GET"]}}],"collection":[{"href":"https:\/\/www.associationdemarie.org\/blog\/wp-json\/wp\/v2\/posts"}],"about":[{"href":"https:\/\/www.associationdemarie.org\/blog\/wp-json\/wp\/v2\/types\/post"}],"author":[{"embeddable":true,"href":"https:\/\/www.associationdemarie.org\/blog\/wp-json\/wp\/v2\/users\/2"}],"replies":[{"embeddable":true,"href":"https:\/\/www.associationdemarie.org\/blog\/wp-json\/wp\/v2\/comments?post=17333"}],"version-history":[{"count":1,"href":"https:\/\/www.associationdemarie.org\/blog\/wp-json\/wp\/v2\/posts\/17333\/revisions"}],"predecessor-version":[{"id":17335,"href":"https:\/\/www.associationdemarie.org\/blog\/wp-json\/wp\/v2\/posts\/17333\/revisions\/17335"}],"wp:attachment":[{"href":"https:\/\/www.associationdemarie.org\/blog\/wp-json\/wp\/v2\/media?parent=17333"}],"wp:term":[{"taxonomy":"category","embeddable":true,"href":"https:\/\/www.associationdemarie.org\/blog\/wp-json\/wp\/v2\/categories?post=17333"},{"taxonomy":"post_tag","embeddable":true,"href":"https:\/\/www.associationdemarie.org\/blog\/wp-json\/wp\/v2\/tags?post=17333"}],"curies":[{"name":"wp","href":"https:\/\/api.w.org\/{rel}","templated":true}]}}